{"id":1687,"date":"2016-07-27T10:04:01","date_gmt":"2016-07-26T23:04:01","guid":{"rendered":"https:\/\/ccce.nc\/?p=1687"},"modified":"2022-09-07T14:29:51","modified_gmt":"2022-09-07T03:29:51","slug":"participation-du-ccce-a-la-foire-de-yate","status":"publish","type":"post","link":"https:\/\/pacte-grand-sud.nc\/ccce\/actualites\/participation-du-ccce-a-la-foire-de-yate\/","title":{"rendered":"Participation du CCCE \u00e0 la Foire de Yat\u00e9"},"content":{"rendered":"\n<p>Apr\u00e8s la foire de l&rsquo;\u00eele Des Pins, la commune de Yat\u00e9 a \u00e9galement organis\u00e9 sa foire le 25 et 26 Juin. Comme \u00e0 l&rsquo;accoutum\u00e9e, le CCCE a tenu son stand d&rsquo;informations pour les nombreux visiteurs venus se renseigner sur la gestion environnementale de l&rsquo;usine de Vale Nouvelle-Cal\u00e9donie.<\/p>\n","protected":false},"excerpt":{"rendered":"<p>Apr\u00e8s la foire de l&rsquo;\u00eele Des Pins, la commune de Yat\u00e9 a \u00e9galement organis\u00e9 sa foire le 25 et 26 Juin. Comme \u00e0 l&rsquo;accoutum\u00e9e, le CCCE a tenu son stand d&rsquo;informations pour les nombreux visiteurs venus se renseigner sur la gestion environnementale de l&rsquo;usine de Vale Nouvelle-Cal\u00e9donie.<\/p>\n","protected":false},"author":1,"featured_media":2702,"comment_status":"closed","ping_status":"open","sticky":false,"template":"","format":"standard","meta":{"_acf_changed":false,"footnotes":""},"categories":[8],"tags":[],"class_list":["post-1687","post","type-post","status-publish","format-standard","has-post-thumbnail","hentry","category-actualites"],"acf":[],"_links":{"self":[{"href":"https:\/\/pacte-grand-sud.nc\/ccce\/wp-json\/wp\/v2\/posts\/1687","targetHints":{"allow":["GET"]}}],"collection":[{"href":"https:\/\/pacte-grand-sud.nc\/ccce\/wp-json\/wp\/v2\/posts"}],"about":[{"href":"https:\/\/pacte-grand-sud.nc\/ccce\/wp-json\/wp\/v2\/types\/post"}],"author":[{"embeddable":true,"href":"https:\/\/pacte-grand-sud.nc\/ccce\/wp-json\/wp\/v2\/users\/1"}],"replies":[{"embeddable":true,"href":"https:\/\/pacte-grand-sud.nc\/ccce\/wp-json\/wp\/v2\/comments?post=1687"}],"version-history":[{"count":2,"href":"https:\/\/pacte-grand-sud.nc\/ccce\/wp-json\/wp\/v2\/posts\/1687\/revisions"}],"predecessor-version":[{"id":2704,"href":"https:\/\/pacte-grand-sud.nc\/ccce\/wp-json\/wp\/v2\/posts\/1687\/revisions\/2704"}],"wp:featuredmedia":[{"embeddable":true,"href":"https:\/\/pacte-grand-sud.nc\/ccce\/wp-json\/wp\/v2\/media\/2702"}],"wp:attachment":[{"href":"https:\/\/pacte-grand-sud.nc\/ccce\/wp-json\/wp\/v2\/media?parent=1687"}],"wp:term":[{"taxonomy":"category","embeddable":true,"href":"https:\/\/pacte-grand-sud.nc\/ccce\/wp-json\/wp\/v2\/categories?post=1687"},{"taxonomy":"post_tag","embeddable":true,"href":"https:\/\/pacte-grand-sud.nc\/ccce\/wp-json\/wp\/v2\/tags?post=1687"}],"curies":[{"name":"wp","href":"https:\/\/api.w.org\/{rel}","templated":true}]}}