{"id":1783,"date":"2016-08-15T11:14:12","date_gmt":"2016-08-15T00:14:12","guid":{"rendered":"https:\/\/ccce.nc\/?p=1783"},"modified":"2022-09-07T14:29:50","modified_gmt":"2022-09-07T03:29:50","slug":"reunion-de-conseil-dassemblee-generale-ordinaire-ccce","status":"publish","type":"post","link":"https:\/\/pacte-grand-sud.nc\/ccce\/actualites\/reunion-de-conseil-dassemblee-generale-ordinaire-ccce\/","title":{"rendered":"R\u00e9union de Conseil &#038; d&rsquo;Assembl\u00e9e G\u00e9n\u00e9rale Ordinaire CCCE"},"content":{"rendered":"\n<p>Le 29 Juillet 2016, le CCCE a tenu un Conseil et une Assembl\u00e9e G\u00e9n\u00e9rale Ordinaire \u00e0 la tribu de Naniouni (Paita). L&rsquo;ordre du jour \u00e9tait le suivant :<\/p>\n\n\n\n<p>-&gt; Pr\u00e9sentation et validation du bilan financier 2015.<\/p>\n\n\n\n<p>-&gt; Validation du commissaire aux comptes PWC pour les cinq ann\u00e9es \u00e0 venir.<\/p>\n\n\n\n<p>-&gt; Pr\u00e9sentation du bilan moral et financier 2016.<\/p>\n\n\n\n<p>-&gt; Validation des modifications du r\u00e8glement int\u00e9rieur.<\/p>\n\n\n\n<p>Les membres de droit ont approuv\u00e9 les points abord\u00e9s \u00e0 cette r\u00e9union.<\/p>\n","protected":false},"excerpt":{"rendered":"<p>Le 29 Juillet 2016, le CCCE a tenu un Conseil et une Assembl\u00e9e G\u00e9n\u00e9rale Ordinaire \u00e0 la tribu de Naniouni (Paita). L&rsquo;ordre du jour \u00e9tait le suivant : -&gt; Pr\u00e9sentation et validation du bilan financier 2015. -&gt; Validation du commissaire aux comptes PWC pour les cinq ann\u00e9es \u00e0 venir. -&gt; Pr\u00e9sentation du bilan moral et &#8230; <a title=\"R\u00e9union de Conseil &#038; d&rsquo;Assembl\u00e9e G\u00e9n\u00e9rale Ordinaire CCCE\" class=\"read-more\" href=\"https:\/\/pacte-grand-sud.nc\/ccce\/actualites\/reunion-de-conseil-dassemblee-generale-ordinaire-ccce\/\" aria-label=\"En savoir plus sur R\u00e9union de Conseil &#038; d&rsquo;Assembl\u00e9e G\u00e9n\u00e9rale Ordinaire CCCE\">Lire plus<\/a><\/p>\n","protected":false},"author":1,"featured_media":2697,"comment_status":"closed","ping_status":"open","sticky":false,"template":"","format":"standard","meta":{"_acf_changed":false,"footnotes":""},"categories":[8],"tags":[],"class_list":["post-1783","post","type-post","status-publish","format-standard","has-post-thumbnail","hentry","category-actualites"],"acf":[],"_links":{"self":[{"href":"https:\/\/pacte-grand-sud.nc\/ccce\/wp-json\/wp\/v2\/posts\/1783","targetHints":{"allow":["GET"]}}],"collection":[{"href":"https:\/\/pacte-grand-sud.nc\/ccce\/wp-json\/wp\/v2\/posts"}],"about":[{"href":"https:\/\/pacte-grand-sud.nc\/ccce\/wp-json\/wp\/v2\/types\/post"}],"author":[{"embeddable":true,"href":"https:\/\/pacte-grand-sud.nc\/ccce\/wp-json\/wp\/v2\/users\/1"}],"replies":[{"embeddable":true,"href":"https:\/\/pacte-grand-sud.nc\/ccce\/wp-json\/wp\/v2\/comments?post=1783"}],"version-history":[{"count":2,"href":"https:\/\/pacte-grand-sud.nc\/ccce\/wp-json\/wp\/v2\/posts\/1783\/revisions"}],"predecessor-version":[{"id":2698,"href":"https:\/\/pacte-grand-sud.nc\/ccce\/wp-json\/wp\/v2\/posts\/1783\/revisions\/2698"}],"wp:featuredmedia":[{"embeddable":true,"href":"https:\/\/pacte-grand-sud.nc\/ccce\/wp-json\/wp\/v2\/media\/2697"}],"wp:attachment":[{"href":"https:\/\/pacte-grand-sud.nc\/ccce\/wp-json\/wp\/v2\/media?parent=1783"}],"wp:term":[{"taxonomy":"category","embeddable":true,"href":"https:\/\/pacte-grand-sud.nc\/ccce\/wp-json\/wp\/v2\/categories?post=1783"},{"taxonomy":"post_tag","embeddable":true,"href":"https:\/\/pacte-grand-sud.nc\/ccce\/wp-json\/wp\/v2\/tags?post=1783"}],"curies":[{"name":"wp","href":"https:\/\/api.w.org\/{rel}","templated":true}]}}