{"id":1977,"date":"2016-09-19T14:29:36","date_gmt":"2016-09-19T03:29:36","guid":{"rendered":"https:\/\/ccce.nc\/?p=1977"},"modified":"2022-09-07T14:29:50","modified_gmt":"2022-09-07T03:29:50","slug":"presentation-du-projet-de-desengravement-de-lestuaire-et-de-la-baie-kwe-15-septembre-2016","status":"publish","type":"post","link":"https:\/\/pacte-grand-sud.nc\/ccce\/actualites\/presentation-du-projet-de-desengravement-de-lestuaire-et-de-la-baie-kwe-15-septembre-2016\/","title":{"rendered":"Pr\u00e9sentation du projet de d\u00e9sengravement de l&rsquo;estuaire et de la baie Kw\u00e9"},"content":{"rendered":"\n<p><span style=\"font-family: Calibri;\">Le 15 Septembre 2016,&nbsp;le bureau CCCE a&nbsp;invit\u00e9 l\u2019ensemble des acteurs comp\u00e9tents \u00e0 une pr\u00e9sentation du projet de d\u00e9sengravement de l\u2019estuaire et de la baie Kw\u00e9 (Etaient pr\u00e9sents&nbsp;: des repr\u00e9sentants de Vale NC, du Fonds Nickel, de l\u2019OEIL, de Bluecham, et des services techniques de la province Sud et du Gouvernement&nbsp;: DENV, DIMENC, DDR, DAVAR, DFA).<\/span><\/p>\n\n\n\n<p><span style=\"font-family: Calibri;\">Pour rappel, \u00e0 la demande de la population de la tribu de Goro,&nbsp;l&rsquo;ancien bureau CCCE avait&nbsp;r\u00e9alis\u00e9 en 2013 une \u00e9tude de faisabilit\u00e9 technico-\u00e9conomique et environnementale de d\u00e9sengravement de la kw\u00e9 (le rapport est disponible au lien suivant&nbsp;: <\/span><a href=\"http:\/\/ccce-366d.kxcdn.com\/wp-content\/uploads\/2016\/07\/RapportDesengravementKwe.pdf\"><span style=\"color: #0563c1; font-family: Calibri;\">http:\/\/ccce-366d.kxcdn.com\/wp-content\/uploads\/2016\/07\/RapportDesengravementKwe.pdf<\/span><\/a><span style=\"font-family: Calibri;\">).<\/span><\/p>\n\n\n\n<p><span style=\"font-family: Calibri;\">&nbsp;<\/span><span style=\"font-family: Calibri;\">L\u2019op\u00e9ration de curage pr\u00e9sentant des contraintes environnementales, techniques et financi\u00e8res importantes, il a \u00e9t\u00e9 d\u00e9cid\u00e9 de reporter ce projet. N\u00e9anmoins, l\u2019industriel a apport\u00e9 des garanties concernant l\u2019 am\u00e9lioration des connaissances hydro-dynamiques de la Kw\u00e9 (lancement en d\u00e9but 2016 d\u2019une th\u00e8se focalis\u00e9e principalement sur la kw\u00e9), la d\u00e9finition d\u2019un programme de restauration des surfaces \u00e9rod\u00e9es, et le suivi optimal des ouvrages de s\u00e9dimentation en amont de l\u2019estuaire.<\/span><\/p>\n\n\n\n<p><span style=\"font-family: Calibri;\">Ce dossier constitue une priorit\u00e9 pour le CCCE.<\/span><\/p>\n","protected":false},"excerpt":{"rendered":"<p>Le 15 Septembre 2016,&nbsp;le bureau CCCE a&nbsp;invit\u00e9 l\u2019ensemble des acteurs comp\u00e9tents \u00e0 une pr\u00e9sentation du projet de d\u00e9sengravement de l\u2019estuaire et de la baie Kw\u00e9 (Etaient pr\u00e9sents&nbsp;: des repr\u00e9sentants de Vale NC, du Fonds Nickel, de l\u2019OEIL, de Bluecham, et des services techniques de la province Sud et du Gouvernement&nbsp;: DENV, DIMENC, DDR, DAVAR, DFA). &#8230; <a title=\"Pr\u00e9sentation du projet de d\u00e9sengravement de l&rsquo;estuaire et de la baie Kw\u00e9\" class=\"read-more\" href=\"https:\/\/pacte-grand-sud.nc\/ccce\/actualites\/presentation-du-projet-de-desengravement-de-lestuaire-et-de-la-baie-kwe-15-septembre-2016\/\" aria-label=\"En savoir plus sur Pr\u00e9sentation du projet de d\u00e9sengravement de l&rsquo;estuaire et de la baie Kw\u00e9\">Lire plus<\/a><\/p>\n","protected":false},"author":1,"featured_media":2690,"comment_status":"closed","ping_status":"open","sticky":false,"template":"","format":"standard","meta":{"_acf_changed":false,"footnotes":""},"categories":[8],"tags":[],"class_list":["post-1977","post","type-post","status-publish","format-standard","has-post-thumbnail","hentry","category-actualites"],"acf":[],"_links":{"self":[{"href":"https:\/\/pacte-grand-sud.nc\/ccce\/wp-json\/wp\/v2\/posts\/1977","targetHints":{"allow":["GET"]}}],"collection":[{"href":"https:\/\/pacte-grand-sud.nc\/ccce\/wp-json\/wp\/v2\/posts"}],"about":[{"href":"https:\/\/pacte-grand-sud.nc\/ccce\/wp-json\/wp\/v2\/types\/post"}],"author":[{"embeddable":true,"href":"https:\/\/pacte-grand-sud.nc\/ccce\/wp-json\/wp\/v2\/users\/1"}],"replies":[{"embeddable":true,"href":"https:\/\/pacte-grand-sud.nc\/ccce\/wp-json\/wp\/v2\/comments?post=1977"}],"version-history":[{"count":2,"href":"https:\/\/pacte-grand-sud.nc\/ccce\/wp-json\/wp\/v2\/posts\/1977\/revisions"}],"predecessor-version":[{"id":2692,"href":"https:\/\/pacte-grand-sud.nc\/ccce\/wp-json\/wp\/v2\/posts\/1977\/revisions\/2692"}],"wp:featuredmedia":[{"embeddable":true,"href":"https:\/\/pacte-grand-sud.nc\/ccce\/wp-json\/wp\/v2\/media\/2690"}],"wp:attachment":[{"href":"https:\/\/pacte-grand-sud.nc\/ccce\/wp-json\/wp\/v2\/media?parent=1977"}],"wp:term":[{"taxonomy":"category","embeddable":true,"href":"https:\/\/pacte-grand-sud.nc\/ccce\/wp-json\/wp\/v2\/categories?post=1977"},{"taxonomy":"post_tag","embeddable":true,"href":"https:\/\/pacte-grand-sud.nc\/ccce\/wp-json\/wp\/v2\/tags?post=1977"}],"curies":[{"name":"wp","href":"https:\/\/api.w.org\/{rel}","templated":true}]}}