{"id":2001,"date":"2016-09-27T13:07:16","date_gmt":"2016-09-27T02:07:16","guid":{"rendered":"https:\/\/ccce.nc\/?p=2001"},"modified":"2022-09-07T14:29:49","modified_gmt":"2022-09-07T03:29:49","slug":"visite-site-de-vale-nc-membres-ccce","status":"publish","type":"post","link":"https:\/\/pacte-grand-sud.nc\/ccce\/actualites\/visite-site-de-vale-nc-membres-ccce\/","title":{"rendered":"Visite du site de Vale NC par tous les membres du CCCE"},"content":{"rendered":"<p><span style=\"color: #000000; font-family: Calibri;\">Le 22 Septembre 2016, tous les membres du CCCE \u00e9taient invit\u00e9s \u00e0 visiter le site de Vale Nouvelle-Cal\u00e9donie (membres de l\u2019Assembl\u00e9e G\u00e9n\u00e9rale, du Conseil et du Bureau). Les membres ont pris connaissance des conditions op\u00e9ratoires actuelles au niveau de l\u2019usine (pr\u00e9sentation du proc\u00e9d\u00e9 et des performances en termes de production), du nouveau projet d\u2019ass\u00e9chement des r\u00e9sidus (projet \u00ab&nbsp;LUCY&nbsp;\u00bb)&nbsp;: visite de la zone d\u2019implantation de l\u2019usine de d\u00e9monstration, et des efforts en termes de production et de plantation d\u2019esp\u00e8ces floristiques.<\/span><\/p>\n<p><span style=\"color: #000000; font-family: Calibri;\">La visite s\u2019est achev\u00e9e par une plantation symbolique de 12 bois bouchons (esp\u00e8ce rare et menac\u00e9e) aux abords de la plaine des Lacs, repr\u00e9sentant chaque entit\u00e9 membre du CCCE&nbsp;: S\u00e9nat Coutumier, le Conseil Coutumier Drub\u00e9a Kap\u00fcme, la chefferie de Touaourou-Waho, le chefferie de Unia, la chefferie de Goro, la chefferie du Mont-Dore, la chefferie de Saint-Louis, la chefferie de La Conception, la chefferie de Paita, la chefferie de l\u2019\u00eele Des Pins, la chefferie de l\u2019\u00eele Ouen, et le comit\u00e9 Rh\u00e9\u00e9b\u00f9 N\u00f9\u00f9.<\/span><\/p>\n<p>&nbsp;<\/p>\n","protected":false},"excerpt":{"rendered":"<p>Le 22 Septembre 2016, tous les membres du CCCE \u00e9taient invit\u00e9s \u00e0 visiter le site de Vale Nouvelle-Cal\u00e9donie (membres de l\u2019Assembl\u00e9e G\u00e9n\u00e9rale, du Conseil et du Bureau). Les membres ont pris connaissance des conditions op\u00e9ratoires actuelles au niveau de l\u2019usine (pr\u00e9sentation du proc\u00e9d\u00e9 et des performances en termes de production), du nouveau projet d\u2019ass\u00e9chement des &#8230; <a title=\"Visite du site de Vale NC par tous les membres du CCCE\" class=\"read-more\" href=\"https:\/\/pacte-grand-sud.nc\/ccce\/actualites\/visite-site-de-vale-nc-membres-ccce\/\" aria-label=\"En savoir plus sur Visite du site de Vale NC par tous les membres du CCCE\">Lire plus<\/a><\/p>\n","protected":false},"author":1,"featured_media":2688,"comment_status":"closed","ping_status":"open","sticky":false,"template":"","format":"standard","meta":{"_acf_changed":false,"footnotes":""},"categories":[8],"tags":[],"class_list":["post-2001","post","type-post","status-publish","format-standard","has-post-thumbnail","hentry","category-actualites"],"acf":[],"_links":{"self":[{"href":"https:\/\/pacte-grand-sud.nc\/ccce\/wp-json\/wp\/v2\/posts\/2001","targetHints":{"allow":["GET"]}}],"collection":[{"href":"https:\/\/pacte-grand-sud.nc\/ccce\/wp-json\/wp\/v2\/posts"}],"about":[{"href":"https:\/\/pacte-grand-sud.nc\/ccce\/wp-json\/wp\/v2\/types\/post"}],"author":[{"embeddable":true,"href":"https:\/\/pacte-grand-sud.nc\/ccce\/wp-json\/wp\/v2\/users\/1"}],"replies":[{"embeddable":true,"href":"https:\/\/pacte-grand-sud.nc\/ccce\/wp-json\/wp\/v2\/comments?post=2001"}],"version-history":[{"count":2,"href":"https:\/\/pacte-grand-sud.nc\/ccce\/wp-json\/wp\/v2\/posts\/2001\/revisions"}],"predecessor-version":[{"id":2689,"href":"https:\/\/pacte-grand-sud.nc\/ccce\/wp-json\/wp\/v2\/posts\/2001\/revisions\/2689"}],"wp:featuredmedia":[{"embeddable":true,"href":"https:\/\/pacte-grand-sud.nc\/ccce\/wp-json\/wp\/v2\/media\/2688"}],"wp:attachment":[{"href":"https:\/\/pacte-grand-sud.nc\/ccce\/wp-json\/wp\/v2\/media?parent=2001"}],"wp:term":[{"taxonomy":"category","embeddable":true,"href":"https:\/\/pacte-grand-sud.nc\/ccce\/wp-json\/wp\/v2\/categories?post=2001"},{"taxonomy":"post_tag","embeddable":true,"href":"https:\/\/pacte-grand-sud.nc\/ccce\/wp-json\/wp\/v2\/tags?post=2001"}],"curies":[{"name":"wp","href":"https:\/\/api.w.org\/{rel}","templated":true}]}}