{"id":2061,"date":"2016-10-27T08:37:44","date_gmt":"2016-10-26T21:37:44","guid":{"rendered":"https:\/\/ccce.nc\/?p=2061"},"modified":"2022-09-07T14:29:49","modified_gmt":"2022-09-07T03:29:49","slug":"visite-bassins-de-sedimentation-de-de-kwe","status":"publish","type":"post","link":"https:\/\/pacte-grand-sud.nc\/ccce\/actualites\/visite-bassins-de-sedimentation-de-de-kwe\/","title":{"rendered":"Visite des bassins de s\u00e9dimentation de la Mine et de la Kw\u00e9"},"content":{"rendered":"\n<p>Le 26&nbsp;Octobre 2016, le Pr\u00e9sident du CCCE, M. Robert ATITI, visitait les ouvrages de gestion des eaux de la Mine et de la Kw\u00e9 sur le site de Vale Nouvelle-Cal\u00e9donie. Cette visite fait suite \u00e0 la r\u00e9union avec les services institutionnels et associatifs concernant la probl\u00e9matique de l\u2019engravement de l\u2019estuaire et de l\u2019embouchure de la Kw\u00e9.<\/p>\n\n\n\n<p>Il s\u2019agissait au travers de cette visite de comprendre la m\u00e9thodologie de gestion des bassins de s\u00e9dimentation&nbsp;: mise en \u0153uvre, suivi, entretien.<\/p>\n\n\n\n<p>Plusieurs recommandations ont \u00e9t\u00e9 formul\u00e9es par le Pr\u00e9sident et concernent&nbsp;par exemple la mise en place d\u2019un registre de curage et d\u2019une proc\u00e9dure d\u00e9taill\u00e9e de vidange des bassins sur le secteur de la Kw\u00e9, la r\u00e9alisation d\u2019un diagnostic des ouvrages de gestion des eaux sur le secteur COFREMMI situ\u00e9 au Nord de la fosse mini\u00e8re,\u2026<\/p>\n\n\n\n<p>Ces nouvelles recommandations ont \u00e9t\u00e9 int\u00e9gr\u00e9es au plan de suivi des recommandations actuelles du CCCE.<\/p>\n","protected":false},"excerpt":{"rendered":"<p>Le 26&nbsp;Octobre 2016, le Pr\u00e9sident du CCCE, M. Robert ATITI, visitait les ouvrages de gestion des eaux de la Mine et de la Kw\u00e9 sur le site de Vale Nouvelle-Cal\u00e9donie. Cette visite fait suite \u00e0 la r\u00e9union avec les services institutionnels et associatifs concernant la probl\u00e9matique de l\u2019engravement de l\u2019estuaire et de l\u2019embouchure de la &#8230; <a title=\"Visite des bassins de s\u00e9dimentation de la Mine et de la Kw\u00e9\" class=\"read-more\" href=\"https:\/\/pacte-grand-sud.nc\/ccce\/actualites\/visite-bassins-de-sedimentation-de-de-kwe\/\" aria-label=\"En savoir plus sur Visite des bassins de s\u00e9dimentation de la Mine et de la Kw\u00e9\">Lire plus<\/a><\/p>\n","protected":false},"author":1,"featured_media":2684,"comment_status":"closed","ping_status":"open","sticky":false,"template":"","format":"standard","meta":{"_acf_changed":false,"footnotes":""},"categories":[8],"tags":[],"class_list":["post-2061","post","type-post","status-publish","format-standard","has-post-thumbnail","hentry","category-actualites"],"acf":[],"_links":{"self":[{"href":"https:\/\/pacte-grand-sud.nc\/ccce\/wp-json\/wp\/v2\/posts\/2061","targetHints":{"allow":["GET"]}}],"collection":[{"href":"https:\/\/pacte-grand-sud.nc\/ccce\/wp-json\/wp\/v2\/posts"}],"about":[{"href":"https:\/\/pacte-grand-sud.nc\/ccce\/wp-json\/wp\/v2\/types\/post"}],"author":[{"embeddable":true,"href":"https:\/\/pacte-grand-sud.nc\/ccce\/wp-json\/wp\/v2\/users\/1"}],"replies":[{"embeddable":true,"href":"https:\/\/pacte-grand-sud.nc\/ccce\/wp-json\/wp\/v2\/comments?post=2061"}],"version-history":[{"count":3,"href":"https:\/\/pacte-grand-sud.nc\/ccce\/wp-json\/wp\/v2\/posts\/2061\/revisions"}],"predecessor-version":[{"id":2687,"href":"https:\/\/pacte-grand-sud.nc\/ccce\/wp-json\/wp\/v2\/posts\/2061\/revisions\/2687"}],"wp:featuredmedia":[{"embeddable":true,"href":"https:\/\/pacte-grand-sud.nc\/ccce\/wp-json\/wp\/v2\/media\/2684"}],"wp:attachment":[{"href":"https:\/\/pacte-grand-sud.nc\/ccce\/wp-json\/wp\/v2\/media?parent=2061"}],"wp:term":[{"taxonomy":"category","embeddable":true,"href":"https:\/\/pacte-grand-sud.nc\/ccce\/wp-json\/wp\/v2\/categories?post=2061"},{"taxonomy":"post_tag","embeddable":true,"href":"https:\/\/pacte-grand-sud.nc\/ccce\/wp-json\/wp\/v2\/tags?post=2061"}],"curies":[{"name":"wp","href":"https:\/\/api.w.org\/{rel}","templated":true}]}}