{"id":2073,"date":"2016-11-02T15:36:41","date_gmt":"2016-11-02T04:36:41","guid":{"rendered":"https:\/\/ccce.nc\/?p=2073"},"modified":"2022-09-07T14:29:49","modified_gmt":"2022-09-07T03:29:49","slug":"reunion-de-conseil-ccce","status":"publish","type":"post","link":"https:\/\/pacte-grand-sud.nc\/ccce\/actualites\/reunion-de-conseil-ccce\/","title":{"rendered":"R\u00e9union de Conseil CCCE"},"content":{"rendered":"<p><span style=\"color: #000000; font-family: Calibri;\">Le 28 Octobre 2016, le CCCE organisait son Conseil afin d\u2019acter plusieurs d\u00e9lib\u00e9rations. Voici ci-dessous quelques-unes des d\u00e9lib\u00e9rations\u2026<\/span><\/p>\n<p><span style=\"color: #000000; font-family: Calibri;\"><span style=\"font-family: Georgia;\">&#8211;<\/span>R\u00e9alisation d\u2019une \u00e9tude sur les dynamiques de distribution des baleines \u00e0 bosse dans le Sud de la Nouvelle-Cal\u00e9donie;<\/span><\/p>\n<p><span style=\"color: #000000; font-family: Calibri;\"><span style=\"font-family: Georgia;\">&#8211;<\/span>R\u00e9alisation d\u2019une \u00e9tude sur la comparaison entre des creeks sous influence de Vale Nouvelle-Cal\u00e9donie et des creeks t\u00e9moins;<\/span><\/p>\n<p><span style=\"color: #000000; font-family: Calibri;\"><span style=\"font-family: Georgia;\">&#8211;<\/span>R\u00e9alisation d\u2019une l\u2019\u00e9tude de l\u2019avifaune sur le bassin versant de la Kw\u00e9, sur l\u2019\u00eelot Ki\u00e9 et l\u2019\u00eelot Nouar\u00e9;<\/span><\/p>\n<p><span style=\"color: #000000; font-family: Calibri;\"><span style=\"font-family: Georgia;\">&#8211;<\/span>R\u00e9alisation d\u2019une \u00e9tude de faisabilit\u00e9 pour la mise en place d\u2019une brigade environnementale coutumi\u00e8re du Sud;<\/span><\/p>\n<p><span style=\"color: #000000; font-family: Calibri;\"><span style=\"font-family: Georgia;\">&#8211;<\/span>Validation du nouveau r\u00e8glement int\u00e9rieur de l\u2019Association;<\/span><\/p>\n<p><span style=\"color: #000000; font-family: Calibri;\"><span style=\"font-family: Georgia;\">&#8211;<\/span>Intervention du CCCE dans les \u00e9tablissements scolaires du Sud afin de pouvoir informer et sensibiliser les jeunes sur l\u2019importance d\u2019une gestion environnementale durable;<\/span><\/p>\n<p><span style=\"color: #000000; font-family: Calibri;\">-Intervention des techniciens CCCE \u00e0 la Mairie de Yat\u00e9 et \u00e0 la Maison de l\u2019Environnement du Mont-Dore pour informer la population sur les performances environnementales de l\u2019usine du Sud.<\/span><\/p>\n<p>&nbsp;<\/p>\n","protected":false},"excerpt":{"rendered":"<p>Le 28 Octobre 2016, le CCCE organisait son Conseil afin d\u2019acter plusieurs d\u00e9lib\u00e9rations. Voici ci-dessous quelques-unes des d\u00e9lib\u00e9rations\u2026 &#8211;R\u00e9alisation d\u2019une \u00e9tude sur les dynamiques de distribution des baleines \u00e0 bosse dans le Sud de la Nouvelle-Cal\u00e9donie; &#8211;R\u00e9alisation d\u2019une \u00e9tude sur la comparaison entre des creeks sous influence de Vale Nouvelle-Cal\u00e9donie et des creeks t\u00e9moins; &#8211;R\u00e9alisation &#8230; <a title=\"R\u00e9union de Conseil CCCE\" class=\"read-more\" href=\"https:\/\/pacte-grand-sud.nc\/ccce\/actualites\/reunion-de-conseil-ccce\/\" aria-label=\"En savoir plus sur R\u00e9union de Conseil CCCE\">Lire plus<\/a><\/p>\n","protected":false},"author":1,"featured_media":2682,"comment_status":"closed","ping_status":"open","sticky":false,"template":"","format":"standard","meta":{"_acf_changed":false,"footnotes":""},"categories":[8],"tags":[],"class_list":["post-2073","post","type-post","status-publish","format-standard","has-post-thumbnail","hentry","category-actualites"],"acf":[],"_links":{"self":[{"href":"https:\/\/pacte-grand-sud.nc\/ccce\/wp-json\/wp\/v2\/posts\/2073","targetHints":{"allow":["GET"]}}],"collection":[{"href":"https:\/\/pacte-grand-sud.nc\/ccce\/wp-json\/wp\/v2\/posts"}],"about":[{"href":"https:\/\/pacte-grand-sud.nc\/ccce\/wp-json\/wp\/v2\/types\/post"}],"author":[{"embeddable":true,"href":"https:\/\/pacte-grand-sud.nc\/ccce\/wp-json\/wp\/v2\/users\/1"}],"replies":[{"embeddable":true,"href":"https:\/\/pacte-grand-sud.nc\/ccce\/wp-json\/wp\/v2\/comments?post=2073"}],"version-history":[{"count":1,"href":"https:\/\/pacte-grand-sud.nc\/ccce\/wp-json\/wp\/v2\/posts\/2073\/revisions"}],"predecessor-version":[{"id":2651,"href":"https:\/\/pacte-grand-sud.nc\/ccce\/wp-json\/wp\/v2\/posts\/2073\/revisions\/2651"}],"wp:featuredmedia":[{"embeddable":true,"href":"https:\/\/pacte-grand-sud.nc\/ccce\/wp-json\/wp\/v2\/media\/2682"}],"wp:attachment":[{"href":"https:\/\/pacte-grand-sud.nc\/ccce\/wp-json\/wp\/v2\/media?parent=2073"}],"wp:term":[{"taxonomy":"category","embeddable":true,"href":"https:\/\/pacte-grand-sud.nc\/ccce\/wp-json\/wp\/v2\/categories?post=2073"},{"taxonomy":"post_tag","embeddable":true,"href":"https:\/\/pacte-grand-sud.nc\/ccce\/wp-json\/wp\/v2\/tags?post=2073"}],"curies":[{"name":"wp","href":"https:\/\/api.w.org\/{rel}","templated":true}]}}