{"id":2101,"date":"2016-11-28T10:00:50","date_gmt":"2016-11-27T23:00:50","guid":{"rendered":"https:\/\/ccce.nc\/?p=2101"},"modified":"2022-09-07T14:29:49","modified_gmt":"2022-09-07T03:29:49","slug":"fete-de-mer-goro","status":"publish","type":"post","link":"https:\/\/pacte-grand-sud.nc\/ccce\/actualites\/fete-de-mer-goro\/","title":{"rendered":"F\u00eate de la Mer &#8211; Goro"},"content":{"rendered":"<p>Le 26 &amp; 27 Novembre 2016, Damas et Tatiana \u00e9taient pr\u00e9sents \u00e0 la F\u00eate de la Mer \u00e0 Goro pour informer la population sur la gestion environnementale de Vale Nouvelle-Cal\u00e9donie.<\/p>\n","protected":false},"excerpt":{"rendered":"<p>Le 26 &amp; 27 Novembre 2016, Damas et Tatiana \u00e9taient pr\u00e9sents \u00e0 la F\u00eate de la Mer \u00e0 Goro pour informer la population sur la gestion environnementale de Vale Nouvelle-Cal\u00e9donie.<\/p>\n","protected":false},"author":1,"featured_media":2680,"comment_status":"closed","ping_status":"open","sticky":false,"template":"","format":"standard","meta":{"_acf_changed":false,"footnotes":""},"categories":[8],"tags":[],"class_list":["post-2101","post","type-post","status-publish","format-standard","has-post-thumbnail","hentry","category-actualites"],"acf":[],"_links":{"self":[{"href":"https:\/\/pacte-grand-sud.nc\/ccce\/wp-json\/wp\/v2\/posts\/2101","targetHints":{"allow":["GET"]}}],"collection":[{"href":"https:\/\/pacte-grand-sud.nc\/ccce\/wp-json\/wp\/v2\/posts"}],"about":[{"href":"https:\/\/pacte-grand-sud.nc\/ccce\/wp-json\/wp\/v2\/types\/post"}],"author":[{"embeddable":true,"href":"https:\/\/pacte-grand-sud.nc\/ccce\/wp-json\/wp\/v2\/users\/1"}],"replies":[{"embeddable":true,"href":"https:\/\/pacte-grand-sud.nc\/ccce\/wp-json\/wp\/v2\/comments?post=2101"}],"version-history":[{"count":1,"href":"https:\/\/pacte-grand-sud.nc\/ccce\/wp-json\/wp\/v2\/posts\/2101\/revisions"}],"predecessor-version":[{"id":2650,"href":"https:\/\/pacte-grand-sud.nc\/ccce\/wp-json\/wp\/v2\/posts\/2101\/revisions\/2650"}],"wp:featuredmedia":[{"embeddable":true,"href":"https:\/\/pacte-grand-sud.nc\/ccce\/wp-json\/wp\/v2\/media\/2680"}],"wp:attachment":[{"href":"https:\/\/pacte-grand-sud.nc\/ccce\/wp-json\/wp\/v2\/media?parent=2101"}],"wp:term":[{"taxonomy":"category","embeddable":true,"href":"https:\/\/pacte-grand-sud.nc\/ccce\/wp-json\/wp\/v2\/categories?post=2101"},{"taxonomy":"post_tag","embeddable":true,"href":"https:\/\/pacte-grand-sud.nc\/ccce\/wp-json\/wp\/v2\/tags?post=2101"}],"curies":[{"name":"wp","href":"https:\/\/api.w.org\/{rel}","templated":true}]}}