{"id":2217,"date":"2017-04-04T11:36:13","date_gmt":"2017-04-04T00:36:13","guid":{"rendered":"https:\/\/ccce.nc\/?p=2217"},"modified":"2022-09-07T14:29:48","modified_gmt":"2022-09-07T03:29:48","slug":"reunion-dossier-archeologie","status":"publish","type":"post","link":"https:\/\/pacte-grand-sud.nc\/ccce\/actualites\/reunion-dossier-archeologie\/","title":{"rendered":"R\u00e9union &#8211; Dossier Arch\u00e9ologie"},"content":{"rendered":"<p>Le 03 Avril 2017, le Bureau du CCCE s\u2019est entretenu avec la repr\u00e9sentante de la Direction de la Culture de la province Sud, la coordonnatrice en charge des enqu\u00eates patrimoniales de l\u2019ADCK et un arch\u00e9ologue consultant afin de faire un point sur les dossiers arch\u00e9ologiques en cours et \u00e0 venir.<\/p>\n<p>A cette occasion, ces acteurs ont pu livrer une premi\u00e8re restitution des fouilles r\u00e9alis\u00e9es par la province Sud il y a deux mois au niveau de l\u2019abri sous roches de KO2 (situ\u00e9 en aval du parc de stockage des r\u00e9sidus de la Kw\u00e9 Ouest). Les analyses et datations des diff\u00e9rents objets trouv\u00e9s sur la zone (coquillages marins, tessons de poterie,\u2026) sont actuellement en cours.<\/p>\n<p>Selon les observations r\u00e9alis\u00e9es, il semblerait qu\u2019il s\u2019agisse d\u2019un ancien site de passage. En effet, la pr\u00e9sence d\u2019infiltrations d\u2019eau dans les 2 chambres qui composent l\u2019abri ainsi que la pr\u00e9sence de coquillages marins \u00e0 l\u2019int\u00e9rieur de ces m\u00eames chambres laissent supposer qu\u2019il ne s\u2019agit pas d\u2019un refuge permanent.<\/p>\n<p>La restitution de cette inspection \u00e0 la tribu de Goro se d\u00e9roulera le 23 Avril \u00e0 10h.<\/p>\n<p>Cette r\u00e9union a \u00e9galement permis de discuter des inspections arch\u00e9ologiques \u00e0 venir. Pour cela, le Pr\u00e9sident du CCCE, originaire de la tribu de Goro, a pu localiser des sites d\u2019importance culturelle qu\u2019il souhaiterait faire inspecter par les services de la province Sud. En outre, le Mont Mw\u00e9ri, qui a d\u00e9j\u00e0 fait l\u2019objet en 2015 d\u2019une demande d\u2019ouverture de carri\u00e8re par Vale Nouvelle-Cal\u00e9donie, est la priorit\u00e9.<\/p>\n","protected":false},"excerpt":{"rendered":"<p>Le 03 Avril 2017, le Bureau du CCCE s\u2019est entretenu avec la repr\u00e9sentante de la Direction de la Culture de la province Sud, la coordonnatrice en charge des enqu\u00eates patrimoniales de l\u2019ADCK et un arch\u00e9ologue consultant afin de faire un point sur les dossiers arch\u00e9ologiques en cours et \u00e0 venir. A cette occasion, ces acteurs &#8230; <a title=\"R\u00e9union &#8211; Dossier Arch\u00e9ologie\" class=\"read-more\" href=\"https:\/\/pacte-grand-sud.nc\/ccce\/actualites\/reunion-dossier-archeologie\/\" aria-label=\"En savoir plus sur R\u00e9union &#8211; Dossier Arch\u00e9ologie\">Lire plus<\/a><\/p>\n","protected":false},"author":1,"featured_media":2679,"comment_status":"closed","ping_status":"open","sticky":false,"template":"","format":"standard","meta":{"_acf_changed":false,"footnotes":""},"categories":[8],"tags":[],"class_list":["post-2217","post","type-post","status-publish","format-standard","has-post-thumbnail","hentry","category-actualites"],"acf":[],"_links":{"self":[{"href":"https:\/\/pacte-grand-sud.nc\/ccce\/wp-json\/wp\/v2\/posts\/2217","targetHints":{"allow":["GET"]}}],"collection":[{"href":"https:\/\/pacte-grand-sud.nc\/ccce\/wp-json\/wp\/v2\/posts"}],"about":[{"href":"https:\/\/pacte-grand-sud.nc\/ccce\/wp-json\/wp\/v2\/types\/post"}],"author":[{"embeddable":true,"href":"https:\/\/pacte-grand-sud.nc\/ccce\/wp-json\/wp\/v2\/users\/1"}],"replies":[{"embeddable":true,"href":"https:\/\/pacte-grand-sud.nc\/ccce\/wp-json\/wp\/v2\/comments?post=2217"}],"version-history":[{"count":1,"href":"https:\/\/pacte-grand-sud.nc\/ccce\/wp-json\/wp\/v2\/posts\/2217\/revisions"}],"predecessor-version":[{"id":2649,"href":"https:\/\/pacte-grand-sud.nc\/ccce\/wp-json\/wp\/v2\/posts\/2217\/revisions\/2649"}],"wp:featuredmedia":[{"embeddable":true,"href":"https:\/\/pacte-grand-sud.nc\/ccce\/wp-json\/wp\/v2\/media\/2679"}],"wp:attachment":[{"href":"https:\/\/pacte-grand-sud.nc\/ccce\/wp-json\/wp\/v2\/media?parent=2217"}],"wp:term":[{"taxonomy":"category","embeddable":true,"href":"https:\/\/pacte-grand-sud.nc\/ccce\/wp-json\/wp\/v2\/categories?post=2217"},{"taxonomy":"post_tag","embeddable":true,"href":"https:\/\/pacte-grand-sud.nc\/ccce\/wp-json\/wp\/v2\/tags?post=2217"}],"curies":[{"name":"wp","href":"https:\/\/api.w.org\/{rel}","templated":true}]}}