{"id":2287,"date":"2017-06-07T10:12:10","date_gmt":"2017-06-06T23:12:10","guid":{"rendered":"https:\/\/ccce.nc\/?p=2287"},"modified":"2022-09-07T14:29:48","modified_gmt":"2022-09-07T03:29:48","slug":"participation-ccce-a-foire-de-lile-pins-juin-2017","status":"publish","type":"post","link":"https:\/\/pacte-grand-sud.nc\/ccce\/actualites\/participation-ccce-a-foire-de-lile-pins-juin-2017\/","title":{"rendered":"Participation du CCCE \u00e0 la Foire de l&rsquo;\u00eele Des Pins &#8211; Juin 2017"},"content":{"rendered":"<p>Comme chaque ann\u00e9e, le Bureau et l&rsquo;\u00e9quipe technique du CCCE \u00e9taient pr\u00e9sents \u00e0 la Foire de l&rsquo;\u00eele Des Pins pour informer les nombreux visiteurs sur les performances environnementales au sein de Vale Nouvelle-Cal\u00e9donie. A cette occasion, le CCCE tenait un stand en commun avec les 2 autres structures du Pacte, \u00e0 savoir la Fondation Vale Nouvelle-Cal\u00e9donie et l&rsquo;association Reboisement.<\/p>\n<p>Les visiteurs ont pu participer \u00e0 un quiz d&rsquo;informations qui leur permettaient, pour certains, de gagner de nombreux lots (T-shirt, sac, tasse).<\/p>\n<p>Nous tenons \u00e0 remercier le comit\u00e9 de Foire de l&rsquo;\u00eele Des Pins pour son accueil chaleureux ainsi que l&rsquo;ensemble des visiteurs du stand.<\/p>\n","protected":false},"excerpt":{"rendered":"<p>Comme chaque ann\u00e9e, le Bureau et l&rsquo;\u00e9quipe technique du CCCE \u00e9taient pr\u00e9sents \u00e0 la Foire de l&rsquo;\u00eele Des Pins pour informer les nombreux visiteurs sur les performances environnementales au sein de Vale Nouvelle-Cal\u00e9donie. A cette occasion, le CCCE tenait un stand en commun avec les 2 autres structures du Pacte, \u00e0 savoir la Fondation Vale &#8230; <a title=\"Participation du CCCE \u00e0 la Foire de l&rsquo;\u00eele Des Pins &#8211; Juin 2017\" class=\"read-more\" href=\"https:\/\/pacte-grand-sud.nc\/ccce\/actualites\/participation-ccce-a-foire-de-lile-pins-juin-2017\/\" aria-label=\"En savoir plus sur Participation du CCCE \u00e0 la Foire de l&rsquo;\u00eele Des Pins &#8211; Juin 2017\">Lire plus<\/a><\/p>\n","protected":false},"author":1,"featured_media":2677,"comment_status":"closed","ping_status":"open","sticky":false,"template":"","format":"standard","meta":{"_acf_changed":false,"footnotes":""},"categories":[8],"tags":[],"class_list":["post-2287","post","type-post","status-publish","format-standard","has-post-thumbnail","hentry","category-actualites"],"acf":[],"_links":{"self":[{"href":"https:\/\/pacte-grand-sud.nc\/ccce\/wp-json\/wp\/v2\/posts\/2287","targetHints":{"allow":["GET"]}}],"collection":[{"href":"https:\/\/pacte-grand-sud.nc\/ccce\/wp-json\/wp\/v2\/posts"}],"about":[{"href":"https:\/\/pacte-grand-sud.nc\/ccce\/wp-json\/wp\/v2\/types\/post"}],"author":[{"embeddable":true,"href":"https:\/\/pacte-grand-sud.nc\/ccce\/wp-json\/wp\/v2\/users\/1"}],"replies":[{"embeddable":true,"href":"https:\/\/pacte-grand-sud.nc\/ccce\/wp-json\/wp\/v2\/comments?post=2287"}],"version-history":[{"count":1,"href":"https:\/\/pacte-grand-sud.nc\/ccce\/wp-json\/wp\/v2\/posts\/2287\/revisions"}],"predecessor-version":[{"id":2648,"href":"https:\/\/pacte-grand-sud.nc\/ccce\/wp-json\/wp\/v2\/posts\/2287\/revisions\/2648"}],"wp:featuredmedia":[{"embeddable":true,"href":"https:\/\/pacte-grand-sud.nc\/ccce\/wp-json\/wp\/v2\/media\/2677"}],"wp:attachment":[{"href":"https:\/\/pacte-grand-sud.nc\/ccce\/wp-json\/wp\/v2\/media?parent=2287"}],"wp:term":[{"taxonomy":"category","embeddable":true,"href":"https:\/\/pacte-grand-sud.nc\/ccce\/wp-json\/wp\/v2\/categories?post=2287"},{"taxonomy":"post_tag","embeddable":true,"href":"https:\/\/pacte-grand-sud.nc\/ccce\/wp-json\/wp\/v2\/tags?post=2287"}],"curies":[{"name":"wp","href":"https:\/\/api.w.org\/{rel}","templated":true}]}}