{"id":2323,"date":"2017-07-31T14:27:57","date_gmt":"2017-07-31T03:27:57","guid":{"rendered":"https:\/\/ccce.nc\/?p=2323"},"modified":"2022-09-07T14:34:48","modified_gmt":"2022-09-07T03:34:48","slug":"reunion-dossier-archeologie-tribu-de-goro","status":"publish","type":"post","link":"https:\/\/pacte-grand-sud.nc\/ccce\/actualites\/reunion-dossier-archeologie-tribu-de-goro\/","title":{"rendered":"R\u00e9union Dossier Arch\u00e9ologie &#8211; Tribu de Goro"},"content":{"rendered":"<p>Le 23 Juillet 2017, le CCCE a demand\u00e9 \u00e0 la Direction de la Culture de la province Sud&nbsp;et \u00e0 l\u2019ADCK de venir exposer \u00e0 la tribu de Goro les r\u00e9sultats de l\u2019inspection arch\u00e9ologique r\u00e9alis\u00e9e au niveau de l\u2019abri sous roches de KO2.<\/p>\n<p>Pour rappel, l\u2019abri sous roches est localis\u00e9 \u00e0 proximit\u00e9 directe du parc de stockage des r\u00e9sidus de Vale Nouvelle-Cal\u00e9donie, et est menac\u00e9 de disparaitre en raison de nombreuses fissures dans les deux chambres qui la composent.<\/p>\n<p>Le Conseil des chefs de clan de Goro et la population a pris note de cet expos\u00e9 et se concertera en interne pour d\u00e9cider de la suite \u00e0 donner sur ce site qui n\u2019est pas consid\u00e9r\u00e9, au vu des inspections qui ont \u00e9t\u00e9 faites, comme un site sacr\u00e9, mais comme un ancien site de passage.<\/p>\n<p>A l\u2019issue de l\u2019inspection qui avait \u00e9t\u00e9 men\u00e9e par la province Sud, des coquillages marins, des tessons de poterie et des foyers de cendres avaient \u00e9t\u00e9 identifi\u00e9s. Les \u00e9l\u00e9ments collect\u00e9s sont conserv\u00e9s \u00e0 la province Sud.<\/p>\n<p>La province Sud a \u00e9galement profit\u00e9 de cette r\u00e9union pour informer la population sur leur d\u00e9marche en cours visant \u00e0 inventorier l\u2019ensemble des sites d\u2019importance culturelle sur la commune de Yat\u00e9, et notamment dans ce cadre sur la r\u00e9gion de Goro.<\/p>\n","protected":false},"excerpt":{"rendered":"<p>Le 23 Juillet 2017, le CCCE a demand\u00e9 \u00e0 la Direction de la Culture de la province Sud&nbsp;et \u00e0 l\u2019ADCK de venir exposer \u00e0 la tribu de Goro les r\u00e9sultats de l\u2019inspection arch\u00e9ologique r\u00e9alis\u00e9e au niveau de l\u2019abri sous roches de KO2. Pour rappel, l\u2019abri sous roches est localis\u00e9 \u00e0 proximit\u00e9 directe du parc de &#8230; <a title=\"R\u00e9union Dossier Arch\u00e9ologie &#8211; Tribu de Goro\" class=\"read-more\" href=\"https:\/\/pacte-grand-sud.nc\/ccce\/actualites\/reunion-dossier-archeologie-tribu-de-goro\/\" aria-label=\"En savoir plus sur R\u00e9union Dossier Arch\u00e9ologie &#8211; Tribu de Goro\">Lire plus<\/a><\/p>\n","protected":false},"author":1,"featured_media":2674,"comment_status":"closed","ping_status":"open","sticky":false,"template":"","format":"standard","meta":{"_acf_changed":false,"footnotes":""},"categories":[8],"tags":[],"class_list":["post-2323","post","type-post","status-publish","format-standard","has-post-thumbnail","hentry","category-actualites"],"acf":[],"_links":{"self":[{"href":"https:\/\/pacte-grand-sud.nc\/ccce\/wp-json\/wp\/v2\/posts\/2323","targetHints":{"allow":["GET"]}}],"collection":[{"href":"https:\/\/pacte-grand-sud.nc\/ccce\/wp-json\/wp\/v2\/posts"}],"about":[{"href":"https:\/\/pacte-grand-sud.nc\/ccce\/wp-json\/wp\/v2\/types\/post"}],"author":[{"embeddable":true,"href":"https:\/\/pacte-grand-sud.nc\/ccce\/wp-json\/wp\/v2\/users\/1"}],"replies":[{"embeddable":true,"href":"https:\/\/pacte-grand-sud.nc\/ccce\/wp-json\/wp\/v2\/comments?post=2323"}],"version-history":[{"count":2,"href":"https:\/\/pacte-grand-sud.nc\/ccce\/wp-json\/wp\/v2\/posts\/2323\/revisions"}],"predecessor-version":[{"id":2675,"href":"https:\/\/pacte-grand-sud.nc\/ccce\/wp-json\/wp\/v2\/posts\/2323\/revisions\/2675"}],"wp:featuredmedia":[{"embeddable":true,"href":"https:\/\/pacte-grand-sud.nc\/ccce\/wp-json\/wp\/v2\/media\/2674"}],"wp:attachment":[{"href":"https:\/\/pacte-grand-sud.nc\/ccce\/wp-json\/wp\/v2\/media?parent=2323"}],"wp:term":[{"taxonomy":"category","embeddable":true,"href":"https:\/\/pacte-grand-sud.nc\/ccce\/wp-json\/wp\/v2\/categories?post=2323"},{"taxonomy":"post_tag","embeddable":true,"href":"https:\/\/pacte-grand-sud.nc\/ccce\/wp-json\/wp\/v2\/tags?post=2323"}],"curies":[{"name":"wp","href":"https:\/\/api.w.org\/{rel}","templated":true}]}}