{"id":2357,"date":"2017-09-04T09:32:22","date_gmt":"2017-09-03T22:32:22","guid":{"rendered":"https:\/\/ccce.nc\/?p=2357"},"modified":"2022-09-07T14:34:54","modified_gmt":"2022-09-07T03:34:54","slug":"2357-2","status":"publish","type":"post","link":"https:\/\/pacte-grand-sud.nc\/ccce\/actualites\/2357-2\/","title":{"rendered":"Restitution des \u00e9tudes environnementales &#8211; Tribu de Goro"},"content":{"rendered":"<p><i><span style=\"color: #000000; font-family: Calibri;\">Le&nbsp;27 Ao\u00fbt 2017, le CCCE a convi\u00e9 l\u2019Observatoire de l\u2019Environnement (OEIL) repr\u00e9sent\u00e9 par son directeur et l\u2019association PALA DALIK repr\u00e9sent\u00e9 par Mme Sandrine JOB, pour une r\u00e9union de restitution des derni\u00e8res \u00e9tudes environnementales \u00e0 la tribu de Goro.<\/span><\/i><\/p>\n<p><i><span style=\"color: #000000; font-family: Calibri;\">L\u2019OEIL a ainsi pu exposer \u00e0 la population les r\u00e9sultats des \u00e9tudes men\u00e9es par les bureaux d\u2019\u00e9tude ERBIO et ETHYC\u2019O sur l\u2019\u00e9tat de sant\u00e9 des creeks du Sud hors zone d\u2019influence de Vale Nouvelle-Cal\u00e9donie, \u00e0 savoir la rivi\u00e8re du Car\u00e9nage, la rivi\u00e8re des Kaoris et la Ku\u00e9bini. Ces r\u00e9sultats seront synth\u00e9tis\u00e9s en fin d\u2019ann\u00e9e sous forme de carte au travers d\u2019un rapport de l\u2019OEIL faisant \u00e9tat du bilan environnemental du Grand Sud.<\/span><\/i><\/p>\n<p><i><span style=\"color: #000000; font-family: Calibri;\">Mme JOB a par la suite pr\u00e9sent\u00e9 \u00e0 la population le bilan de la campagne 2017 de suivi participatif de l\u2019\u00e9tat de sant\u00e9 des r\u00e9cifs coralliens situ\u00e9s autour de Goro. Pour rappel, 3 stations avaient \u00e9t\u00e9 inspect\u00e9es en d\u00e9but d\u2019ann\u00e9e par les b\u00e9n\u00e9voles de la tribu de Goro&nbsp;: un r\u00e9cif interm\u00e9diaire situ\u00e9 \u00e0 proximit\u00e9 de Paradis caract\u00e9ris\u00e9 en \u00e9tat de sant\u00e9 satisfaisant, le r\u00e9cif de la passe de To\u00e9mo caract\u00e9ris\u00e9 en bon \u00e9tat de sant\u00e9 avec une densit\u00e9 de poissons en augmentation par rapport au dernier suivi, et enfin le r\u00e9cif c\u00f4tier de Bekw\u00e9 identifi\u00e9 en \u00e9tat de sant\u00e9 satisfaisant.<\/span><\/i><\/p>\n<p>&nbsp;<\/p>\n","protected":false},"excerpt":{"rendered":"<p>Le&nbsp;27 Ao\u00fbt 2017, le CCCE a convi\u00e9 l\u2019Observatoire de l\u2019Environnement (OEIL) repr\u00e9sent\u00e9 par son directeur et l\u2019association PALA DALIK repr\u00e9sent\u00e9 par Mme Sandrine JOB, pour une r\u00e9union de restitution des derni\u00e8res \u00e9tudes environnementales \u00e0 la tribu de Goro. L\u2019OEIL a ainsi pu exposer \u00e0 la population les r\u00e9sultats des \u00e9tudes men\u00e9es par les bureaux d\u2019\u00e9tude &#8230; <a title=\"Restitution des \u00e9tudes environnementales &#8211; Tribu de Goro\" class=\"read-more\" href=\"https:\/\/pacte-grand-sud.nc\/ccce\/actualites\/2357-2\/\" aria-label=\"En savoir plus sur Restitution des \u00e9tudes environnementales &#8211; Tribu de Goro\">Lire plus<\/a><\/p>\n","protected":false},"author":1,"featured_media":2672,"comment_status":"closed","ping_status":"open","sticky":false,"template":"","format":"standard","meta":{"_acf_changed":false,"footnotes":""},"categories":[8],"tags":[],"class_list":["post-2357","post","type-post","status-publish","format-standard","has-post-thumbnail","hentry","category-actualites"],"acf":[],"_links":{"self":[{"href":"https:\/\/pacte-grand-sud.nc\/ccce\/wp-json\/wp\/v2\/posts\/2357","targetHints":{"allow":["GET"]}}],"collection":[{"href":"https:\/\/pacte-grand-sud.nc\/ccce\/wp-json\/wp\/v2\/posts"}],"about":[{"href":"https:\/\/pacte-grand-sud.nc\/ccce\/wp-json\/wp\/v2\/types\/post"}],"author":[{"embeddable":true,"href":"https:\/\/pacte-grand-sud.nc\/ccce\/wp-json\/wp\/v2\/users\/1"}],"replies":[{"embeddable":true,"href":"https:\/\/pacte-grand-sud.nc\/ccce\/wp-json\/wp\/v2\/comments?post=2357"}],"version-history":[{"count":2,"href":"https:\/\/pacte-grand-sud.nc\/ccce\/wp-json\/wp\/v2\/posts\/2357\/revisions"}],"predecessor-version":[{"id":2673,"href":"https:\/\/pacte-grand-sud.nc\/ccce\/wp-json\/wp\/v2\/posts\/2357\/revisions\/2673"}],"wp:featuredmedia":[{"embeddable":true,"href":"https:\/\/pacte-grand-sud.nc\/ccce\/wp-json\/wp\/v2\/media\/2672"}],"wp:attachment":[{"href":"https:\/\/pacte-grand-sud.nc\/ccce\/wp-json\/wp\/v2\/media?parent=2357"}],"wp:term":[{"taxonomy":"category","embeddable":true,"href":"https:\/\/pacte-grand-sud.nc\/ccce\/wp-json\/wp\/v2\/categories?post=2357"},{"taxonomy":"post_tag","embeddable":true,"href":"https:\/\/pacte-grand-sud.nc\/ccce\/wp-json\/wp\/v2\/tags?post=2357"}],"curies":[{"name":"wp","href":"https:\/\/api.w.org\/{rel}","templated":true}]}}