{"id":2491,"date":"2018-01-17T11:28:12","date_gmt":"2018-01-17T00:28:12","guid":{"rendered":"https:\/\/ccce.nc\/?p=2491"},"modified":"2022-09-07T14:29:47","modified_gmt":"2022-09-07T03:29:47","slug":"restitution-etudes-environnementales-ile-ouen","status":"publish","type":"post","link":"https:\/\/pacte-grand-sud.nc\/ccce\/actualites\/restitution-etudes-environnementales-ile-ouen\/","title":{"rendered":"Restitution des \u00e9tudes environnementales &#8211; \u00eele Ouen"},"content":{"rendered":"<p>Le 02 D\u00e9cembre 2017, le CCCE s\u2019est rendu sur l\u2019\u00eele Ouen pour tenir une r\u00e9union d\u2019information en partenariat avec l\u2019OEIL (Observatoire de l\u2019Environnement).<br \/>\nLes r\u00e9sultats des derni\u00e8res \u00e9tudes r\u00e9alis\u00e9es conjointement par le CCCE et l\u2019OEIL ont \u00e9t\u00e9 expos\u00e9s \u00e0 la population et au Conseil de la tribu de Ouara. Ces \u00e9tudes portaient sur :<br \/>\n-La campagne de suivi participatif de l\u2019\u00e9tat de sant\u00e9 des r\u00e9cifs coralliens de l\u2019\u00eele Ouen ;<br \/>\n-L\u2019\u00e9tat de sant\u00e9 des creeks situ\u00e9s hors zone d\u2019influence de Vale Nouvelle-Cal\u00e9donie ;<br \/>\n-Les dynamiques de distribution des baleines \u00e0 bosse dans le Sud de la Nouvelle-Cal\u00e9donie.<\/p>\n","protected":false},"excerpt":{"rendered":"<p>Le 02 D\u00e9cembre 2017, le CCCE s\u2019est rendu sur l\u2019\u00eele Ouen pour tenir une r\u00e9union d\u2019information en partenariat avec l\u2019OEIL (Observatoire de l\u2019Environnement). Les r\u00e9sultats des derni\u00e8res \u00e9tudes r\u00e9alis\u00e9es conjointement par le CCCE et l\u2019OEIL ont \u00e9t\u00e9 expos\u00e9s \u00e0 la population et au Conseil de la tribu de Ouara. Ces \u00e9tudes portaient sur : -La &#8230; <a title=\"Restitution des \u00e9tudes environnementales &#8211; \u00eele Ouen\" class=\"read-more\" href=\"https:\/\/pacte-grand-sud.nc\/ccce\/actualites\/restitution-etudes-environnementales-ile-ouen\/\" aria-label=\"En savoir plus sur Restitution des \u00e9tudes environnementales &#8211; \u00eele Ouen\">Lire plus<\/a><\/p>\n","protected":false},"author":1,"featured_media":2667,"comment_status":"closed","ping_status":"open","sticky":false,"template":"","format":"standard","meta":{"_acf_changed":false,"footnotes":""},"categories":[8],"tags":[],"class_list":["post-2491","post","type-post","status-publish","format-standard","has-post-thumbnail","hentry","category-actualites"],"acf":[],"_links":{"self":[{"href":"https:\/\/pacte-grand-sud.nc\/ccce\/wp-json\/wp\/v2\/posts\/2491","targetHints":{"allow":["GET"]}}],"collection":[{"href":"https:\/\/pacte-grand-sud.nc\/ccce\/wp-json\/wp\/v2\/posts"}],"about":[{"href":"https:\/\/pacte-grand-sud.nc\/ccce\/wp-json\/wp\/v2\/types\/post"}],"author":[{"embeddable":true,"href":"https:\/\/pacte-grand-sud.nc\/ccce\/wp-json\/wp\/v2\/users\/1"}],"replies":[{"embeddable":true,"href":"https:\/\/pacte-grand-sud.nc\/ccce\/wp-json\/wp\/v2\/comments?post=2491"}],"version-history":[{"count":1,"href":"https:\/\/pacte-grand-sud.nc\/ccce\/wp-json\/wp\/v2\/posts\/2491\/revisions"}],"predecessor-version":[{"id":2644,"href":"https:\/\/pacte-grand-sud.nc\/ccce\/wp-json\/wp\/v2\/posts\/2491\/revisions\/2644"}],"wp:featuredmedia":[{"embeddable":true,"href":"https:\/\/pacte-grand-sud.nc\/ccce\/wp-json\/wp\/v2\/media\/2667"}],"wp:attachment":[{"href":"https:\/\/pacte-grand-sud.nc\/ccce\/wp-json\/wp\/v2\/media?parent=2491"}],"wp:term":[{"taxonomy":"category","embeddable":true,"href":"https:\/\/pacte-grand-sud.nc\/ccce\/wp-json\/wp\/v2\/categories?post=2491"},{"taxonomy":"post_tag","embeddable":true,"href":"https:\/\/pacte-grand-sud.nc\/ccce\/wp-json\/wp\/v2\/tags?post=2491"}],"curies":[{"name":"wp","href":"https:\/\/api.w.org\/{rel}","templated":true}]}}