{"id":2571,"date":"2018-03-29T12:58:15","date_gmt":"2018-03-29T01:58:15","guid":{"rendered":"https:\/\/ccce.nc\/?p=2571"},"modified":"2022-09-07T14:29:47","modified_gmt":"2022-09-07T03:29:47","slug":"visite-ccce-site-de-vale-nc-28032018","status":"publish","type":"post","link":"https:\/\/pacte-grand-sud.nc\/ccce\/actualites\/visite-ccce-site-de-vale-nc-28032018\/","title":{"rendered":"Visite du CCCE sur le site de Vale NC &#8211; 28\/03\/2018"},"content":{"rendered":"<p>La visite du CCCE a port\u00e9 essentiellement sur :<\/p>\n<ul>\n<li>L&rsquo;incident environnemental relatif \u00e0 la fuite de gasoil survenu au niveau d&rsquo;un raccord connect\u00e9 \u00e0 la cuve de stockage de carburant du centre industriel minier;<\/li>\n<li>Les d\u00e9faillances techniques relev\u00e9es au niveau du puits de pompage du parc \u00e0 r\u00e9sidus de la Kw\u00e9;<\/li>\n<li>Les op\u00e9rations d&rsquo;entretien des ouvrages de gestion des eaux de la Mine.<\/li>\n<\/ul>\n","protected":false},"excerpt":{"rendered":"<p>La visite du CCCE a port\u00e9 essentiellement sur : L&rsquo;incident environnemental relatif \u00e0 la fuite de gasoil survenu au niveau d&rsquo;un raccord connect\u00e9 \u00e0 la cuve de stockage de carburant du centre industriel minier; Les d\u00e9faillances techniques relev\u00e9es au niveau du puits de pompage du parc \u00e0 r\u00e9sidus de la Kw\u00e9; Les op\u00e9rations d&rsquo;entretien des &#8230; <a title=\"Visite du CCCE sur le site de Vale NC &#8211; 28\/03\/2018\" class=\"read-more\" href=\"https:\/\/pacte-grand-sud.nc\/ccce\/actualites\/visite-ccce-site-de-vale-nc-28032018\/\" aria-label=\"En savoir plus sur Visite du CCCE sur le site de Vale NC &#8211; 28\/03\/2018\">Lire plus<\/a><\/p>\n","protected":false},"author":1,"featured_media":2665,"comment_status":"closed","ping_status":"open","sticky":false,"template":"","format":"standard","meta":{"_acf_changed":false,"footnotes":""},"categories":[8],"tags":[],"class_list":["post-2571","post","type-post","status-publish","format-standard","has-post-thumbnail","hentry","category-actualites"],"acf":[],"_links":{"self":[{"href":"https:\/\/pacte-grand-sud.nc\/ccce\/wp-json\/wp\/v2\/posts\/2571","targetHints":{"allow":["GET"]}}],"collection":[{"href":"https:\/\/pacte-grand-sud.nc\/ccce\/wp-json\/wp\/v2\/posts"}],"about":[{"href":"https:\/\/pacte-grand-sud.nc\/ccce\/wp-json\/wp\/v2\/types\/post"}],"author":[{"embeddable":true,"href":"https:\/\/pacte-grand-sud.nc\/ccce\/wp-json\/wp\/v2\/users\/1"}],"replies":[{"embeddable":true,"href":"https:\/\/pacte-grand-sud.nc\/ccce\/wp-json\/wp\/v2\/comments?post=2571"}],"version-history":[{"count":1,"href":"https:\/\/pacte-grand-sud.nc\/ccce\/wp-json\/wp\/v2\/posts\/2571\/revisions"}],"predecessor-version":[{"id":2643,"href":"https:\/\/pacte-grand-sud.nc\/ccce\/wp-json\/wp\/v2\/posts\/2571\/revisions\/2643"}],"wp:featuredmedia":[{"embeddable":true,"href":"https:\/\/pacte-grand-sud.nc\/ccce\/wp-json\/wp\/v2\/media\/2665"}],"wp:attachment":[{"href":"https:\/\/pacte-grand-sud.nc\/ccce\/wp-json\/wp\/v2\/media?parent=2571"}],"wp:term":[{"taxonomy":"category","embeddable":true,"href":"https:\/\/pacte-grand-sud.nc\/ccce\/wp-json\/wp\/v2\/categories?post=2571"},{"taxonomy":"post_tag","embeddable":true,"href":"https:\/\/pacte-grand-sud.nc\/ccce\/wp-json\/wp\/v2\/tags?post=2571"}],"curies":[{"name":"wp","href":"https:\/\/api.w.org\/{rel}","templated":true}]}}