{"id":2641,"date":"2018-06-11T10:35:41","date_gmt":"2018-06-10T23:35:41","guid":{"rendered":"https:\/\/ccce.nc\/?p=2641"},"modified":"2022-09-07T14:29:46","modified_gmt":"2022-09-07T03:29:46","slug":"conseil-assemblee-generale-ccce-a-lile-pins-02-mai-2018","status":"publish","type":"post","link":"https:\/\/pacte-grand-sud.nc\/ccce\/actualites\/conseil-assemblee-generale-ccce-a-lile-pins-02-mai-2018\/","title":{"rendered":"Conseil et Assembl\u00e9e G\u00e9n\u00e9rale du CCCE \u00e0 l&rsquo;\u00eele des Pins &#8211; 02 mai 2018"},"content":{"rendered":"<p>Le 02 mai 2018, le CCCE a tenu son conseil et son assembl\u00e9e g\u00e9n\u00e9rale sur l&rsquo;\u00eele des Pins. A cette occasion, le bilan moral et financier de l&rsquo;association pour l&rsquo;exercice 2017 a \u00e9t\u00e9 valid\u00e9. Egalement, le conseil a renouvel\u00e9 ses membres pour une dur\u00e9e de 2 ans. Enfin, le bureau a \u00e9t\u00e9 reconduit pour la 3\u00e8me ann\u00e9e cons\u00e9cutive avec un changement : le remplacement de M. Sileva MAPOU par M. Andr\u00e9 VAMA au poste de vice-pr\u00e9sident du CCCE.<\/p>\n","protected":false},"excerpt":{"rendered":"<p>Le 02 mai 2018, le CCCE a tenu son conseil et son assembl\u00e9e g\u00e9n\u00e9rale sur l&rsquo;\u00eele des Pins. A cette occasion, le bilan moral et financier de l&rsquo;association pour l&rsquo;exercice 2017 a \u00e9t\u00e9 valid\u00e9. Egalement, le conseil a renouvel\u00e9 ses membres pour une dur\u00e9e de 2 ans. Enfin, le bureau a \u00e9t\u00e9 reconduit pour la &#8230; <a title=\"Conseil et Assembl\u00e9e G\u00e9n\u00e9rale du CCCE \u00e0 l&rsquo;\u00eele des Pins &#8211; 02 mai 2018\" class=\"read-more\" href=\"https:\/\/pacte-grand-sud.nc\/ccce\/actualites\/conseil-assemblee-generale-ccce-a-lile-pins-02-mai-2018\/\" aria-label=\"En savoir plus sur Conseil et Assembl\u00e9e G\u00e9n\u00e9rale du CCCE \u00e0 l&rsquo;\u00eele des Pins &#8211; 02 mai 2018\">Lire plus<\/a><\/p>\n","protected":false},"author":1,"featured_media":2663,"comment_status":"closed","ping_status":"open","sticky":false,"template":"","format":"standard","meta":{"_acf_changed":false,"footnotes":""},"categories":[8],"tags":[],"class_list":["post-2641","post","type-post","status-publish","format-standard","has-post-thumbnail","hentry","category-actualites"],"acf":[],"_links":{"self":[{"href":"https:\/\/pacte-grand-sud.nc\/ccce\/wp-json\/wp\/v2\/posts\/2641","targetHints":{"allow":["GET"]}}],"collection":[{"href":"https:\/\/pacte-grand-sud.nc\/ccce\/wp-json\/wp\/v2\/posts"}],"about":[{"href":"https:\/\/pacte-grand-sud.nc\/ccce\/wp-json\/wp\/v2\/types\/post"}],"author":[{"embeddable":true,"href":"https:\/\/pacte-grand-sud.nc\/ccce\/wp-json\/wp\/v2\/users\/1"}],"replies":[{"embeddable":true,"href":"https:\/\/pacte-grand-sud.nc\/ccce\/wp-json\/wp\/v2\/comments?post=2641"}],"version-history":[{"count":1,"href":"https:\/\/pacte-grand-sud.nc\/ccce\/wp-json\/wp\/v2\/posts\/2641\/revisions"}],"predecessor-version":[{"id":2642,"href":"https:\/\/pacte-grand-sud.nc\/ccce\/wp-json\/wp\/v2\/posts\/2641\/revisions\/2642"}],"wp:featuredmedia":[{"embeddable":true,"href":"https:\/\/pacte-grand-sud.nc\/ccce\/wp-json\/wp\/v2\/media\/2663"}],"wp:attachment":[{"href":"https:\/\/pacte-grand-sud.nc\/ccce\/wp-json\/wp\/v2\/media?parent=2641"}],"wp:term":[{"taxonomy":"category","embeddable":true,"href":"https:\/\/pacte-grand-sud.nc\/ccce\/wp-json\/wp\/v2\/categories?post=2641"},{"taxonomy":"post_tag","embeddable":true,"href":"https:\/\/pacte-grand-sud.nc\/ccce\/wp-json\/wp\/v2\/tags?post=2641"}],"curies":[{"name":"wp","href":"https:\/\/api.w.org\/{rel}","templated":true}]}}