{"id":3211,"date":"2023-04-07T09:47:44","date_gmt":"2023-04-06T22:47:44","guid":{"rendered":"https:\/\/pacte-grand-sud.nc\/ccce\/?p=3211"},"modified":"2024-03-21T13:50:45","modified_gmt":"2024-03-21T02:50:45","slug":"assemblee-generale-mixte-2023","status":"publish","type":"post","link":"https:\/\/pacte-grand-sud.nc\/ccce\/actualites\/assemblee-generale-mixte-2023\/","title":{"rendered":"Assembl\u00e9e g\u00e9n\u00e9rale mixte 2023"},"content":{"rendered":"\n<p>Le CCCE a tenu son Assembl\u00e9e G\u00e9n\u00e9rale mixte sur la tribu de Goro, le jeudi 26 janvier 2023, durant laquelle les membres de droit ont pu r\u00e9agir par rapport \u00e0 l&rsquo;ordre du jour.<\/p>\n\n\n\n<p>Ainsi, Les membres de droit, qui sont :<\/p>\n\n\n\n<p>&#8211; les repr\u00e9sentants officiels de toutes les chefferies de l&rsquo;aire Drubea-Kapum\u00eb,<\/p>\n\n\n\n<p>&#8211; le pr\u00e9sident du Comit\u00e9 Coutumier de l&rsquo;aire Drubea-Kapum\u00eb<\/p>\n\n\n\n<p>&#8211; Le pr\u00e9sident <a href=\"https:\/\/www.facebook.com\/rheebunuu.comite?__cft__[0]=AZUjzDqdsV--zBoQ1GINk-62YMxw2LmbpMKjA1zNQKlDB_z6VVdlzNsz-CkJiblqHESRVTFlg1LUeqVWaWiJ7TMyhb82yUBGVDjJr7Xj6jTA3YtNqDJ66VQtDTL5r8ONfZNiw8LZ9OkSaxZ3D8VEcODg6HoCVPEewRa7SwYdVC5_FA&amp;__tn__=-]K-R\" target=\"_blank\" rel=\"noreferrer noopener\"><strong>Comit\u00e9 Rh\u00e9\u00e9bu N\u00f9\u00f9<\/strong><\/a><\/p>\n\n\n\n<p>&#8211; Le s\u00e9nateur de l&rsquo;aire Drubea-Kapum\u00eb<\/p>\n\n\n\n<p>ont approuv\u00e9s lors de cette AG,<\/p>\n\n\n\n<p>&#8211; les comptes annuels pr\u00e9sent\u00e9 par la commissaire au compte de <a href=\"https:\/\/www.facebook.com\/PwC\/?__cft__[0]=AZUjzDqdsV--zBoQ1GINk-62YMxw2LmbpMKjA1zNQKlDB_z6VVdlzNsz-CkJiblqHESRVTFlg1LUeqVWaWiJ7TMyhb82yUBGVDjJr7Xj6jTA3YtNqDJ66VQtDTL5r8ONfZNiw8LZ9OkSaxZ3D8VEcODg6HoCVPEewRa7SwYdVC5_FA&amp;__tn__=kK-R\" target=\"_blank\" rel=\"noreferrer noopener\"><strong>PwC<\/strong><\/a><\/p>\n\n\n\n<p>&#8211; la modification des statuts<\/p>\n\n\n\n<p>&#8211; Le renouvellement des conseillers, du bureau et son pr\u00e9sident<\/p>\n\n\n\n<p>Une AG mixte en pr\u00e9sence des membres observateurs qui sont : <\/p>\n\n\n\n<p>Prony Resouces<\/p>\n\n\n\n<p>Le bureau s&rsquo;organise d\u00e9sormais avec :<\/p>\n\n\n\n<p>&#8211; Pr\u00e9sident : KATE Gilbert, coll\u00e8ge CCDK<\/p>\n\n\n\n<p>&#8211; Vice-pr\u00e9sident : VAMA Andr\u00e9, coll\u00e8ge <a href=\"https:\/\/www.facebook.com\/rheebunuu.comite?__cft__[0]=AZUjzDqdsV--zBoQ1GINk-62YMxw2LmbpMKjA1zNQKlDB_z6VVdlzNsz-CkJiblqHESRVTFlg1LUeqVWaWiJ7TMyhb82yUBGVDjJr7Xj6jTA3YtNqDJ66VQtDTL5r8ONfZNiw8LZ9OkSaxZ3D8VEcODg6HoCVPEewRa7SwYdVC5_FA&amp;__tn__=-]K-R\" target=\"_blank\" rel=\"noreferrer noopener\"><strong>Comit\u00e9 Rh\u00e9\u00e9bu N\u00f9\u00f9<\/strong><\/a><\/p>\n\n\n\n<p>&#8211; Tr\u00e9sorier : MAPOU Sil\u00e9va, coll\u00e8ge Comit\u00e9 Rheebu Nuu<\/p>\n\n\n\n<p>&#8211; Secr\u00e9taire : Jean-Pierre Agourere, Chefferie Goro<\/p>\n\n\n\n<p>Le nouveau bureau mis en place pour un mandat d&rsquo;un an, renouvelable deux fois.<\/p>\n\n\n\n<p>Une journ\u00e9e parfaite, anim\u00e9e et pr\u00e9par\u00e9e par l&rsquo;association des Femmes de Goro<\/p>\n\n\n\n<p>E NGA TA VUU. Un petit d\u00e9jeuner au top, \u00e9quilibr\u00e9 et d\u00e9licieux pour finir avec un repas \u00e9quilibr\u00e9 avec les produits du terroirs ! Merci \u00e0 toutes ses femmes pour l&rsquo;organisation !!<\/p>\n\n\n\n<p>Courage et pers\u00e9v\u00e9rance<\/p>\n","protected":false},"excerpt":{"rendered":"<p>Le CCCE a tenu son Assembl\u00e9e G\u00e9n\u00e9rale mixte sur la tribu de Goro, le jeudi 26 janvier 2023, durant laquelle les membres de droit ont pu r\u00e9agir par rapport \u00e0 l&rsquo;ordre du jour. Ainsi, Les membres de droit, qui sont : &#8211; les repr\u00e9sentants officiels de toutes les chefferies de l&rsquo;aire Drubea-Kapum\u00eb, &#8211; le pr\u00e9sident &#8230; <a title=\"Assembl\u00e9e g\u00e9n\u00e9rale mixte 2023\" class=\"read-more\" href=\"https:\/\/pacte-grand-sud.nc\/ccce\/actualites\/assemblee-generale-mixte-2023\/\" aria-label=\"En savoir plus sur Assembl\u00e9e g\u00e9n\u00e9rale mixte 2023\">Lire plus<\/a><\/p>\n","protected":false},"author":1,"featured_media":3249,"comment_status":"closed","ping_status":"closed","sticky":false,"template":"","format":"standard","meta":{"_acf_changed":false,"footnotes":""},"categories":[8],"tags":[],"class_list":["post-3211","post","type-post","status-publish","format-standard","has-post-thumbnail","hentry","category-actualites"],"acf":[],"_links":{"self":[{"href":"https:\/\/pacte-grand-sud.nc\/ccce\/wp-json\/wp\/v2\/posts\/3211","targetHints":{"allow":["GET"]}}],"collection":[{"href":"https:\/\/pacte-grand-sud.nc\/ccce\/wp-json\/wp\/v2\/posts"}],"about":[{"href":"https:\/\/pacte-grand-sud.nc\/ccce\/wp-json\/wp\/v2\/types\/post"}],"author":[{"embeddable":true,"href":"https:\/\/pacte-grand-sud.nc\/ccce\/wp-json\/wp\/v2\/users\/1"}],"replies":[{"embeddable":true,"href":"https:\/\/pacte-grand-sud.nc\/ccce\/wp-json\/wp\/v2\/comments?post=3211"}],"version-history":[{"count":6,"href":"https:\/\/pacte-grand-sud.nc\/ccce\/wp-json\/wp\/v2\/posts\/3211\/revisions"}],"predecessor-version":[{"id":3289,"href":"https:\/\/pacte-grand-sud.nc\/ccce\/wp-json\/wp\/v2\/posts\/3211\/revisions\/3289"}],"wp:featuredmedia":[{"embeddable":true,"href":"https:\/\/pacte-grand-sud.nc\/ccce\/wp-json\/wp\/v2\/media\/3249"}],"wp:attachment":[{"href":"https:\/\/pacte-grand-sud.nc\/ccce\/wp-json\/wp\/v2\/media?parent=3211"}],"wp:term":[{"taxonomy":"category","embeddable":true,"href":"https:\/\/pacte-grand-sud.nc\/ccce\/wp-json\/wp\/v2\/categories?post=3211"},{"taxonomy":"post_tag","embeddable":true,"href":"https:\/\/pacte-grand-sud.nc\/ccce\/wp-json\/wp\/v2\/tags?post=3211"}],"curies":[{"name":"wp","href":"https:\/\/api.w.org\/{rel}","templated":true}]}}