{"id":3292,"date":"2024-03-21T15:46:02","date_gmt":"2024-03-21T04:46:02","guid":{"rendered":"https:\/\/pacte-grand-sud.nc\/ccce\/?p=3292"},"modified":"2024-03-21T16:40:19","modified_gmt":"2024-03-21T05:40:19","slug":"seconde-assemblee-general-mixte","status":"publish","type":"post","link":"https:\/\/pacte-grand-sud.nc\/ccce\/actualites\/seconde-assemblee-general-mixte\/","title":{"rendered":"Seconde assembl\u00e9e g\u00e9n\u00e9ral mixte"},"content":{"rendered":"\n<p>Le CCCE a tenu une seconde Assembl\u00e9e G\u00e9n\u00e9rale mixte au Nouvata le vendredi 24 novembre 2023 durant laquelle les membres de droit et membres observateur du Conseil ont approuv\u00e9 lors de cette AG les points suivants&nbsp;:<\/p>\n\n\n\n<ul class=\"wp-block-list\">\n<li>Pr\u00e9sentation et approbation du bilan moral du CCCE pour l\u2019exercice 2022<\/li>\n\n\n\n<li>Pr\u00e9sentation du bilan comptable de l\u2019exercice 2022 par le commissaire au compte BDO<\/li>\n\n\n\n<li>Modification du r\u00e8glement int\u00e9rieur (article 9)<\/li>\n\n\n\n<li>Calendrier de mise en \u0153uvre des recommandations des 7 expertises environnementales<\/li>\n\n\n\n<li>Projet de convention avec l\u2019\u0152il<\/li>\n<\/ul>\n\n\n\n<p>7 membres de droit sur 12 et 10 conseillers sur 15 \u00e9taient pr\u00e9sents ainsi qu\u2019un membre observateur de Prony Resources&nbsp;:<\/p>\n\n\n\n<p><em><u>Membres de droit&nbsp;<\/u><\/em>: Koroma Adrien (Chefferie Touaourou-Waho), Agourere Jean-Pierre (Chefferie Goro), Mapou Sil\u00e9va (Chefferie Unia), Togna Rudolph (Chefferie Conception), Wadecla Ang\u00e9lique (Chefferie Saint-Louis), N\u00e9o\u00e9r\u00e9 Charles (Chefferie Ile des Pins), Vama Andr\u00e9 (Comit\u00e9 Rh\u00e9\u00e9bu-N\u00f9\u00f9).<\/p>\n\n\n\n<p><em><u>Membre observateur&nbsp;<\/u><\/em>: Vesillier Yann (Prony Resources)<\/p>\n\n\n\n<p><em><u>Conseillers&nbsp;<\/u><\/em>: Dremon Gabriel (S\u00e9nat Coutumier), Togna Noel (CCDK), Vama Andr\u00e9, Vouti Bernard, Tara Gilles, Mouyri Alain et Mapou Sil\u00e9va (Comit\u00e9 Rh\u00e9\u00e9bu-N\u00f9\u00f9), Agourere Jean-Pierre (Chefferie Yat\u00e9), Wad\u00e9cla Ang\u00e9lique (Chefferie Mont-Dore) et Vesillier Yann (PRNC).<\/p>\n","protected":false},"excerpt":{"rendered":"<p>Le CCCE a tenu une seconde Assembl\u00e9e G\u00e9n\u00e9rale mixte au Nouvata le vendredi 24 novembre 2023 durant laquelle les membres de droit et membres observateur du Conseil ont approuv\u00e9 lors de cette AG les points suivants&nbsp;: 7 membres de droit sur 12 et 10 conseillers sur 15 \u00e9taient pr\u00e9sents ainsi qu\u2019un membre observateur de Prony &#8230; <a title=\"Seconde assembl\u00e9e g\u00e9n\u00e9ral mixte\" class=\"read-more\" href=\"https:\/\/pacte-grand-sud.nc\/ccce\/actualites\/seconde-assemblee-general-mixte\/\" aria-label=\"En savoir plus sur Seconde assembl\u00e9e g\u00e9n\u00e9ral mixte\">Lire plus<\/a><\/p>\n","protected":false},"author":1,"featured_media":3352,"comment_status":"closed","ping_status":"closed","sticky":false,"template":"","format":"standard","meta":{"_acf_changed":false,"footnotes":""},"categories":[8],"tags":[],"class_list":["post-3292","post","type-post","status-publish","format-standard","has-post-thumbnail","hentry","category-actualites"],"acf":[],"_links":{"self":[{"href":"https:\/\/pacte-grand-sud.nc\/ccce\/wp-json\/wp\/v2\/posts\/3292","targetHints":{"allow":["GET"]}}],"collection":[{"href":"https:\/\/pacte-grand-sud.nc\/ccce\/wp-json\/wp\/v2\/posts"}],"about":[{"href":"https:\/\/pacte-grand-sud.nc\/ccce\/wp-json\/wp\/v2\/types\/post"}],"author":[{"embeddable":true,"href":"https:\/\/pacte-grand-sud.nc\/ccce\/wp-json\/wp\/v2\/users\/1"}],"replies":[{"embeddable":true,"href":"https:\/\/pacte-grand-sud.nc\/ccce\/wp-json\/wp\/v2\/comments?post=3292"}],"version-history":[{"count":1,"href":"https:\/\/pacte-grand-sud.nc\/ccce\/wp-json\/wp\/v2\/posts\/3292\/revisions"}],"predecessor-version":[{"id":3339,"href":"https:\/\/pacte-grand-sud.nc\/ccce\/wp-json\/wp\/v2\/posts\/3292\/revisions\/3339"}],"wp:featuredmedia":[{"embeddable":true,"href":"https:\/\/pacte-grand-sud.nc\/ccce\/wp-json\/wp\/v2\/media\/3352"}],"wp:attachment":[{"href":"https:\/\/pacte-grand-sud.nc\/ccce\/wp-json\/wp\/v2\/media?parent=3292"}],"wp:term":[{"taxonomy":"category","embeddable":true,"href":"https:\/\/pacte-grand-sud.nc\/ccce\/wp-json\/wp\/v2\/categories?post=3292"},{"taxonomy":"post_tag","embeddable":true,"href":"https:\/\/pacte-grand-sud.nc\/ccce\/wp-json\/wp\/v2\/tags?post=3292"}],"curies":[{"name":"wp","href":"https:\/\/api.w.org\/{rel}","templated":true}]}}