{"id":3341,"date":"2024-03-21T16:00:10","date_gmt":"2024-03-21T05:00:10","guid":{"rendered":"https:\/\/pacte-grand-sud.nc\/ccce\/?p=3341"},"modified":"2024-04-24T09:01:51","modified_gmt":"2024-04-23T22:01:51","slug":"retrospective-sur-lannee-2023","status":"publish","type":"post","link":"https:\/\/pacte-grand-sud.nc\/ccce\/actualites\/retrospective-sur-lannee-2023\/","title":{"rendered":"R\u00e9trospective sur l&rsquo;ann\u00e9e 2023"},"content":{"rendered":"\n<p>Le r\u00e9seau de suivi Acropora et l\u2019ann\u00e9e 2023 se r\u00e9sume par&nbsp;: <strong>3 missions<\/strong> de suivi dans le Grand Sud, Sur l\u2019Ile des Pins, Sur Yat\u00e9 \u00e0 la tribu de Goro. Qui aura monopolis\u00e9 plusieurs personnes des tribus concern\u00e9es pour r\u00e9aliser ces suivis participatifs. En 2023, 3 missions de suivi de l\u2019\u00e9tat de sant\u00e9 des r\u00e9cifs (ACROPORA) se sont d\u00e9roul\u00e9es&nbsp;:<\/p>\n\n\n\n<p><strong>Du 22 au 24 ao\u00fbt sur Goro<\/strong>&nbsp;avec 3 stations contr\u00f4l\u00e9es Bekw\u00e9, Mwar\u00e9mwa (Paradis), W\u00e9 Jouo (Passe de To\u00e9mo) avec l\u2019aide de 10 observateurs. Dans l\u2019ensemble ces stations sont dans un \u00e9tat convenable avec un statut \u00ab&nbsp;Satisfaisant \u00bb pour Bekw\u00e9 et Paradis&nbsp;; et un \u00e9tat \u00ab&nbsp;Bon&nbsp;\u00bb pour W\u00e9 Jouo. Des r\u00e9sultats aussi encourageants puisqu\u2019ils mettent en \u00e9vidence une r\u00e9silience des r\u00e9cifs. Plusieurs jeunes coraux ont \u00e9t\u00e9 recens\u00e9s sur les fonds marins.<\/p>\n\n\n\n<figure class=\"wp-block-image size-full\"><img loading=\"lazy\" decoding=\"async\" width=\"709\" height=\"344\" src=\"https:\/\/pacte-grand-sud.nc\/ccce\/wp-content\/uploads\/2024\/03\/GORO-aout-2023.jpg\" alt=\"Copyright \u00a9\u0152il.nc \" class=\"wp-image-3342\" srcset=\"https:\/\/pacte-grand-sud.nc\/ccce\/wp-content\/uploads\/2024\/03\/GORO-aout-2023.jpg 709w, https:\/\/pacte-grand-sud.nc\/ccce\/wp-content\/uploads\/2024\/03\/GORO-aout-2023-300x146.jpg 300w\" sizes=\"auto, (max-width: 709px) 100vw, 709px\" \/><figcaption class=\"wp-element-caption\"><em>Copyright \u00a9\u0152il.nc<\/em> &#8211; <em data-sider-select-id=\"37406416-704e-484e-90ec-90803d23d80c\">Figure <\/em><em>: \u00c9quipe de plongeurs sur Goro<\/em><\/figcaption><\/figure>\n\n\n\n<figure class=\"wp-block-image size-full is-resized\"><img loading=\"lazy\" decoding=\"async\" width=\"630\" height=\"472\" src=\"https:\/\/pacte-grand-sud.nc\/ccce\/wp-content\/uploads\/2024\/03\/Toemo.jpg\" alt=\"Copyright \u00a9S.Job\" class=\"wp-image-3343\" style=\"width:712px;height:auto\" srcset=\"https:\/\/pacte-grand-sud.nc\/ccce\/wp-content\/uploads\/2024\/03\/Toemo.jpg 630w, https:\/\/pacte-grand-sud.nc\/ccce\/wp-content\/uploads\/2024\/03\/Toemo-300x225.jpg 300w\" sizes=\"auto, (max-width: 630px) 100vw, 630px\" \/><figcaption class=\"wp-element-caption\"><em>Copyright \u00a9S.Job<\/em> &#8211; <em>Figure 2 : R\u00e9cif de la passe de To\u00e9mo<\/em><\/figcaption><\/figure>\n\n\n\n<p><strong>Du 5 au 7 septembre&nbsp;sur l\u2019Ile des Pins<\/strong> avec 3 stations suivies : Daa Kougui\u00e9, Daa Yeta\u00ef, et Kanga Daa et la participation de 5 observateurs. Les r\u00e9sultats de ces observations sont moindres que ceux de Goro. Daa Kougui\u00e9 s\u2019est maintenu dans un bon \u00e9tat de sant\u00e9 depuis 2019 en revanche sur les deux autres&nbsp;: Daa Yeta\u00ef est descendu au statut \u00ab&nbsp;satisfaisant&nbsp;\u00bb et sur Kanga Daa \u00e0 \u00ab&nbsp;moyen&nbsp;\u00bb&nbsp;;<\/p>\n\n\n\n<p>Les raisons de cette d\u00e9gradation&nbsp;: l\u2019effet de houle cyclonique en 2021. Cela a r\u00e9duit la surface couverte par le r\u00e9cif. Mais la r\u00e9g\u00e9n\u00e9ration naturelle est d\u00e9j\u00e0 en marche. Une fois encore les r\u00e9cifs font preuve d\u2019une grande r\u00e9silience.<\/p>\n\n\n\n<figure class=\"wp-block-image size-full is-resized\"><img loading=\"lazy\" decoding=\"async\" width=\"630\" height=\"472\" src=\"https:\/\/pacte-grand-sud.nc\/ccce\/wp-content\/uploads\/2024\/03\/Plongeurs-ile-des-pins.jpg\" alt=\"Copyright \u00a9\u0152il.nc \" class=\"wp-image-3344\" style=\"width:721px;height:auto\" srcset=\"https:\/\/pacte-grand-sud.nc\/ccce\/wp-content\/uploads\/2024\/03\/Plongeurs-ile-des-pins.jpg 630w, https:\/\/pacte-grand-sud.nc\/ccce\/wp-content\/uploads\/2024\/03\/Plongeurs-ile-des-pins-300x225.jpg 300w\" sizes=\"auto, (max-width: 630px) 100vw, 630px\" \/><figcaption class=\"wp-element-caption\">Copyright \u00a9\u0152il.nc &#8211; <em>Figure 3 : \u00c9quipe de plongeurs sur l&rsquo;\u00eele des pins<\/em><\/figcaption><\/figure>\n\n\n\n<figure class=\"wp-block-image size-full is-resized\"><img loading=\"lazy\" decoding=\"async\" width=\"630\" height=\"472\" src=\"https:\/\/pacte-grand-sud.nc\/ccce\/wp-content\/uploads\/2024\/03\/Daa-Kouguie.jpg\" alt=\"Copyright \u00a9S.Job\" class=\"wp-image-3345\" style=\"width:723px;height:auto\" srcset=\"https:\/\/pacte-grand-sud.nc\/ccce\/wp-content\/uploads\/2024\/03\/Daa-Kouguie.jpg 630w, https:\/\/pacte-grand-sud.nc\/ccce\/wp-content\/uploads\/2024\/03\/Daa-Kouguie-300x225.jpg 300w\" sizes=\"auto, (max-width: 630px) 100vw, 630px\" \/><figcaption class=\"wp-element-caption\">Copyright \u00a9S.Job &#8211; <em>Figure 4 : Fond marin sur la station Daa Kougui\u00e9 \u00e0 l&rsquo;\u00eele des pins<\/em><\/figcaption><\/figure>\n\n\n\n<figure class=\"wp-block-image size-full is-resized\"><img loading=\"lazy\" decoding=\"async\" width=\"630\" height=\"472\" src=\"https:\/\/pacte-grand-sud.nc\/ccce\/wp-content\/uploads\/2024\/03\/Daa-Yetai.jpg\" alt=\"Copyright \u00a9S.Job\" class=\"wp-image-3346\" style=\"width:725px;height:auto\" srcset=\"https:\/\/pacte-grand-sud.nc\/ccce\/wp-content\/uploads\/2024\/03\/Daa-Yetai.jpg 630w, https:\/\/pacte-grand-sud.nc\/ccce\/wp-content\/uploads\/2024\/03\/Daa-Yetai-300x225.jpg 300w\" sizes=\"auto, (max-width: 630px) 100vw, 630px\" \/><figcaption class=\"wp-element-caption\">Copyright \u00a9S.Job &#8211; <em>Figure 5 : Vue d&rsquo;ensemble sur la station de suivi Daa Yeta\u00ef sur l&rsquo;\u00eele des pins<\/em><\/figcaption><\/figure>\n\n\n\n<figure class=\"wp-block-image size-full is-resized\"><img loading=\"lazy\" decoding=\"async\" width=\"630\" height=\"472\" src=\"https:\/\/pacte-grand-sud.nc\/ccce\/wp-content\/uploads\/2024\/03\/kanga-daa-ile-des-pins.jpg\" alt=\"Copyright \u00a9S.Job\" class=\"wp-image-3347\" style=\"width:726px;height:auto\" srcset=\"https:\/\/pacte-grand-sud.nc\/ccce\/wp-content\/uploads\/2024\/03\/kanga-daa-ile-des-pins.jpg 630w, https:\/\/pacte-grand-sud.nc\/ccce\/wp-content\/uploads\/2024\/03\/kanga-daa-ile-des-pins-300x225.jpg 300w\" sizes=\"auto, (max-width: 630px) 100vw, 630px\" \/><figcaption class=\"wp-element-caption\">Copyright \u00a9S.Job &#8211; <em>Figure 6 : Aper\u00e7u de l&rsquo;\u00e9tat du r\u00e9cif sur la station de Kanga Daa sur l&rsquo;<\/em>\u00eele des pins<\/figcaption><\/figure>\n\n\n\n<p><strong>Du 19 au 21 d\u00e9cembre sur Goro<\/strong> avec la mise en place de deux nouvelles stations situ\u00e9es \u00e0 l\u2019\u00eelot Nouar\u00e9 et Port Bois\u00e9 avec l\u2019aide de 10 observateurs dont les 3 salari\u00e9es du CCCE pr\u00e9sents aux c\u00f4t\u00e9s de l\u2019\u0152IL et Sandrine Job, initiatrice de ce projet \u00e0 l\u2019\u00e9chelle pays. Il s\u2019agit respectivement de l\u2019implantation de la 100<sup>\u00e8me <\/sup>et &nbsp;&nbsp;101<sup>\u00e8me<\/sup> stations de suivi du RORC (R\u00e9seau d\u2019Observation des R\u00e9cifs Coralliens).<\/p>\n\n\n\n<p>Les r\u00e9sultats sont plut\u00f4t positifs sur Nouar\u00e9 puisque malgr\u00e9 l\u2019observation d\u2019un r\u00e9cif fragilis\u00e9 par des \u00e9v\u00e8nements pass\u00e9s la diversit\u00e9 d\u2019invert\u00e9br\u00e9s est bien l\u00e0 ainsi que la pr\u00e9sence des poissons. La couverture en corail est faible et \u00e0 suivre de pr\u00eat lors du second suivi.<\/p>\n\n\n\n<p>L\u2019\u00e9tat de sant\u00e9 de la station en baie de Port Bois\u00e9 est consid\u00e9r\u00e9 comme \u00ab&nbsp;satisfaisant&nbsp;\u00bb avec un \u00e9cosyst\u00e8me adapt\u00e9 aux apports terrig\u00e8nes des exutoires. La couverture corallienne sera \u00e0 suivre dans le temps si am\u00e9lioration ou d\u00e9gradation.<\/p>\n\n\n\n<figure class=\"wp-block-image size-large is-resized\"><img loading=\"lazy\" decoding=\"async\" width=\"1024\" height=\"768\" src=\"https:\/\/pacte-grand-sud.nc\/ccce\/wp-content\/uploads\/2024\/03\/equipe-plongeurs-Goro-decembre-1024x768.jpg\" alt=\"\" class=\"wp-image-3348\" style=\"width:728px;height:auto\" srcset=\"https:\/\/pacte-grand-sud.nc\/ccce\/wp-content\/uploads\/2024\/03\/equipe-plongeurs-Goro-decembre-1024x768.jpg 1024w, https:\/\/pacte-grand-sud.nc\/ccce\/wp-content\/uploads\/2024\/03\/equipe-plongeurs-Goro-decembre-300x225.jpg 300w, https:\/\/pacte-grand-sud.nc\/ccce\/wp-content\/uploads\/2024\/03\/equipe-plongeurs-Goro-decembre-768x576.jpg 768w, https:\/\/pacte-grand-sud.nc\/ccce\/wp-content\/uploads\/2024\/03\/equipe-plongeurs-Goro-decembre-1536x1152.jpg 1536w, https:\/\/pacte-grand-sud.nc\/ccce\/wp-content\/uploads\/2024\/03\/equipe-plongeurs-Goro-decembre-2048x1536.jpg 2048w\" sizes=\"auto, (max-width: 1024px) 100vw, 1024px\" \/><figcaption class=\"wp-element-caption\"><em>Figure 7 : \u00c9quipe de plongeurs pour ce suivi de d\u00e9cembre<\/em><\/figcaption><\/figure>\n\n\n\n<figure class=\"wp-block-image size-large is-resized\"><img loading=\"lazy\" decoding=\"async\" width=\"768\" height=\"1024\" src=\"https:\/\/pacte-grand-sud.nc\/ccce\/wp-content\/uploads\/2024\/03\/Port-boise-768x1024.jpg\" alt=\"Copyright \u00a9S.Job\" class=\"wp-image-3349\" style=\"width:731px;height:auto\" srcset=\"https:\/\/pacte-grand-sud.nc\/ccce\/wp-content\/uploads\/2024\/03\/Port-boise-768x1024.jpg 768w, https:\/\/pacte-grand-sud.nc\/ccce\/wp-content\/uploads\/2024\/03\/Port-boise-225x300.jpg 225w, https:\/\/pacte-grand-sud.nc\/ccce\/wp-content\/uploads\/2024\/03\/Port-boise-1152x1536.jpg 1152w, https:\/\/pacte-grand-sud.nc\/ccce\/wp-content\/uploads\/2024\/03\/Port-boise-1536x2048.jpg 1536w, https:\/\/pacte-grand-sud.nc\/ccce\/wp-content\/uploads\/2024\/03\/Port-boise-scaled.jpg 1920w\" sizes=\"auto, (max-width: 768px) 100vw, 768px\" \/><figcaption class=\"wp-element-caption\">Copyright \u00a9S.Job &#8211; <em>Figure 8 : Fond marin de la station implant\u00e9 dans la baie de Port Bois\u00e9<\/em><\/figcaption><\/figure>\n\n\n\n<figure class=\"wp-block-image size-large is-resized\"><img loading=\"lazy\" decoding=\"async\" width=\"1024\" height=\"768\" src=\"https:\/\/pacte-grand-sud.nc\/ccce\/wp-content\/uploads\/2024\/03\/Nouare-1024x768.jpg\" alt=\"Copyright \u00a9S.Job\" class=\"wp-image-3350\" style=\"width:733px;height:auto\" srcset=\"https:\/\/pacte-grand-sud.nc\/ccce\/wp-content\/uploads\/2024\/03\/Nouare-1024x768.jpg 1024w, https:\/\/pacte-grand-sud.nc\/ccce\/wp-content\/uploads\/2024\/03\/Nouare-300x225.jpg 300w, https:\/\/pacte-grand-sud.nc\/ccce\/wp-content\/uploads\/2024\/03\/Nouare-768x576.jpg 768w, https:\/\/pacte-grand-sud.nc\/ccce\/wp-content\/uploads\/2024\/03\/Nouare-1536x1152.jpg 1536w, https:\/\/pacte-grand-sud.nc\/ccce\/wp-content\/uploads\/2024\/03\/Nouare-2048x1536.jpg 2048w\" sizes=\"auto, (max-width: 1024px) 100vw, 1024px\" \/><figcaption class=\"wp-element-caption\">Copyright \u00a9S.Job &#8211; <em>Figure 9 : R\u00e9cif de l&rsquo;ilot Nouar\u00e9<\/em><\/figcaption><\/figure>\n","protected":false},"excerpt":{"rendered":"<p>Le r\u00e9seau de suivi Acropora et l\u2019ann\u00e9e 2023 se r\u00e9sume par&nbsp;: 3 missions de suivi dans le Grand Sud, Sur l\u2019Ile des Pins, Sur Yat\u00e9 \u00e0 la tribu de Goro. Qui aura monopolis\u00e9 plusieurs personnes des tribus concern\u00e9es pour r\u00e9aliser ces suivis participatifs. En 2023, 3 missions de suivi de l\u2019\u00e9tat de sant\u00e9 des r\u00e9cifs &#8230; <a title=\"R\u00e9trospective sur l&rsquo;ann\u00e9e 2023\" class=\"read-more\" href=\"https:\/\/pacte-grand-sud.nc\/ccce\/actualites\/retrospective-sur-lannee-2023\/\" aria-label=\"En savoir plus sur R\u00e9trospective sur l&rsquo;ann\u00e9e 2023\">Lire plus<\/a><\/p>\n","protected":false},"author":1,"featured_media":3342,"comment_status":"closed","ping_status":"closed","sticky":false,"template":"","format":"standard","meta":{"_acf_changed":false,"footnotes":""},"categories":[8],"tags":[],"class_list":["post-3341","post","type-post","status-publish","format-standard","has-post-thumbnail","hentry","category-actualites"],"acf":[],"_links":{"self":[{"href":"https:\/\/pacte-grand-sud.nc\/ccce\/wp-json\/wp\/v2\/posts\/3341","targetHints":{"allow":["GET"]}}],"collection":[{"href":"https:\/\/pacte-grand-sud.nc\/ccce\/wp-json\/wp\/v2\/posts"}],"about":[{"href":"https:\/\/pacte-grand-sud.nc\/ccce\/wp-json\/wp\/v2\/types\/post"}],"author":[{"embeddable":true,"href":"https:\/\/pacte-grand-sud.nc\/ccce\/wp-json\/wp\/v2\/users\/1"}],"replies":[{"embeddable":true,"href":"https:\/\/pacte-grand-sud.nc\/ccce\/wp-json\/wp\/v2\/comments?post=3341"}],"version-history":[{"count":3,"href":"https:\/\/pacte-grand-sud.nc\/ccce\/wp-json\/wp\/v2\/posts\/3341\/revisions"}],"predecessor-version":[{"id":3371,"href":"https:\/\/pacte-grand-sud.nc\/ccce\/wp-json\/wp\/v2\/posts\/3341\/revisions\/3371"}],"wp:featuredmedia":[{"embeddable":true,"href":"https:\/\/pacte-grand-sud.nc\/ccce\/wp-json\/wp\/v2\/media\/3342"}],"wp:attachment":[{"href":"https:\/\/pacte-grand-sud.nc\/ccce\/wp-json\/wp\/v2\/media?parent=3341"}],"wp:term":[{"taxonomy":"category","embeddable":true,"href":"https:\/\/pacte-grand-sud.nc\/ccce\/wp-json\/wp\/v2\/categories?post=3341"},{"taxonomy":"post_tag","embeddable":true,"href":"https:\/\/pacte-grand-sud.nc\/ccce\/wp-json\/wp\/v2\/tags?post=3341"}],"curies":[{"name":"wp","href":"https:\/\/api.w.org\/{rel}","templated":true}]}}