{"id":3354,"date":"2024-03-21T16:45:07","date_gmt":"2024-03-21T05:45:07","guid":{"rendered":"https:\/\/pacte-grand-sud.nc\/ccce\/?p=3354"},"modified":"2024-03-21T16:45:08","modified_gmt":"2024-03-21T05:45:08","slug":"premier-conseil-de-lannee-2024","status":"publish","type":"post","link":"https:\/\/pacte-grand-sud.nc\/ccce\/actualites\/premier-conseil-de-lannee-2024\/","title":{"rendered":"Premier conseil de l&rsquo;ann\u00e9e 2024"},"content":{"rendered":"\n<p>Le vendredi 19 janvier 2024 s\u2019est tenu le premier Conseil de l\u2019ann\u00e9e du CCCE \u00e0 Carcopino 3000 qui a fait salle comble puisque les 17 conseillers ont r\u00e9pondu pr\u00e9sents ainsi que monsieur J. TINDAO, le Pr\u00e9sident du Conseil Coutumier Djub\u00e9a-Kapum\u00eb (CCDK). L\u2019ordre du jour s\u2019est port\u00e9 sur les points suivants&nbsp;:<\/p>\n\n\n\n<ul class=\"wp-block-list\">\n<li>Renouvellement de la Pr\u00e9sidence du CCCE \u00e0 la suite du d\u00e9c\u00e8s du Pr\u00e9sident KATE Gilbert<\/li>\n\n\n\n<li>Pr\u00e9sentation des objectifs et missions du CCCE pour 2024<\/li>\n<\/ul>\n\n\n\n<p>Le nouveau bureau mis en place pour un mandat d\u2019un an, renouvelable deux fois se compose comme suit&nbsp;:<\/p>\n\n\n\n<ul class=\"wp-block-list\">\n<li>Pr\u00e9sident&nbsp;: WAMYTAN Joseph, Marie, Rock (CCDK)<\/li>\n\n\n\n<li>Vice-Pr\u00e9sident&nbsp;: VAMA Andr\u00e9 (Comit\u00e9 Rh\u00e9\u00e9bu-N\u00f9\u00f9)<\/li>\n\n\n\n<li>Tr\u00e9sorier&nbsp;: MAPOU Sil\u00e9va (Comit\u00e9 Rh\u00e9\u00e9bu-N\u00f9\u00f9)<\/li>\n\n\n\n<li>Secr\u00e9taire&nbsp;: AGOURERE Jean-Pierre (Chefferie Goro)<\/li>\n<\/ul>\n\n\n\n<p>Ci-dessous la liste des conseillers pr\u00e9sent ce jour&nbsp;:<\/p>\n\n\n\n<p>Dremon Gabriel, Akapo Victor (S\u00e9nat Coutumier), Togna Noel, Wamytan Rock, Komedjie Jean-Claude, Akougny Charles et Vakie Christophe (CCDK), Vama Andr\u00e9, Vouti Bernard, Tara Gilles, Mouyri Alain et Mapou Sil\u00e9va (Comit\u00e9 Rh\u00e9\u00e9bu-N\u00f9\u00f9), Agourere Jean-Pierre (Chefferie Yat\u00e9), Wamytan Jean-Pierre (Chefferie Mont-Dore), Vannho Eric (Chefferie Ile des Pins) et Roneice Daniel et Vesillier Yann (PRNC).<\/p>\n","protected":false},"excerpt":{"rendered":"<p>Le vendredi 19 janvier 2024 s\u2019est tenu le premier Conseil de l\u2019ann\u00e9e du CCCE \u00e0 Carcopino 3000 qui a fait salle comble puisque les 17 conseillers ont r\u00e9pondu pr\u00e9sents ainsi que monsieur J. TINDAO, le Pr\u00e9sident du Conseil Coutumier Djub\u00e9a-Kapum\u00eb (CCDK). L\u2019ordre du jour s\u2019est port\u00e9 sur les points suivants&nbsp;: Le nouveau bureau mis en &#8230; <a title=\"Premier conseil de l&rsquo;ann\u00e9e 2024\" class=\"read-more\" href=\"https:\/\/pacte-grand-sud.nc\/ccce\/actualites\/premier-conseil-de-lannee-2024\/\" aria-label=\"En savoir plus sur Premier conseil de l&rsquo;ann\u00e9e 2024\">Lire plus<\/a><\/p>\n","protected":false},"author":1,"featured_media":3355,"comment_status":"closed","ping_status":"closed","sticky":false,"template":"","format":"standard","meta":{"_acf_changed":false,"footnotes":""},"categories":[8],"tags":[],"class_list":["post-3354","post","type-post","status-publish","format-standard","has-post-thumbnail","hentry","category-actualites"],"acf":[],"_links":{"self":[{"href":"https:\/\/pacte-grand-sud.nc\/ccce\/wp-json\/wp\/v2\/posts\/3354","targetHints":{"allow":["GET"]}}],"collection":[{"href":"https:\/\/pacte-grand-sud.nc\/ccce\/wp-json\/wp\/v2\/posts"}],"about":[{"href":"https:\/\/pacte-grand-sud.nc\/ccce\/wp-json\/wp\/v2\/types\/post"}],"author":[{"embeddable":true,"href":"https:\/\/pacte-grand-sud.nc\/ccce\/wp-json\/wp\/v2\/users\/1"}],"replies":[{"embeddable":true,"href":"https:\/\/pacte-grand-sud.nc\/ccce\/wp-json\/wp\/v2\/comments?post=3354"}],"version-history":[{"count":1,"href":"https:\/\/pacte-grand-sud.nc\/ccce\/wp-json\/wp\/v2\/posts\/3354\/revisions"}],"predecessor-version":[{"id":3356,"href":"https:\/\/pacte-grand-sud.nc\/ccce\/wp-json\/wp\/v2\/posts\/3354\/revisions\/3356"}],"wp:featuredmedia":[{"embeddable":true,"href":"https:\/\/pacte-grand-sud.nc\/ccce\/wp-json\/wp\/v2\/media\/3355"}],"wp:attachment":[{"href":"https:\/\/pacte-grand-sud.nc\/ccce\/wp-json\/wp\/v2\/media?parent=3354"}],"wp:term":[{"taxonomy":"category","embeddable":true,"href":"https:\/\/pacte-grand-sud.nc\/ccce\/wp-json\/wp\/v2\/categories?post=3354"},{"taxonomy":"post_tag","embeddable":true,"href":"https:\/\/pacte-grand-sud.nc\/ccce\/wp-json\/wp\/v2\/tags?post=3354"}],"curies":[{"name":"wp","href":"https:\/\/api.w.org\/{rel}","templated":true}]}}