{"id":3401,"date":"2024-09-27T14:06:56","date_gmt":"2024-09-27T03:06:56","guid":{"rendered":"https:\/\/pacte-grand-sud.nc\/ccce\/?p=3401"},"modified":"2024-09-27T14:08:12","modified_gmt":"2024-09-27T03:08:12","slug":"rencontre-entre-lassociation-treu-bere-de-lile-des-pins-et-le-ccce","status":"publish","type":"post","link":"https:\/\/pacte-grand-sud.nc\/ccce\/actualites\/rencontre-entre-lassociation-treu-bere-de-lile-des-pins-et-le-ccce\/","title":{"rendered":"Rencontre entre l\u2019association Treu B\u00e8r\u00e8 de l\u2019\u00eele des Pins et le CCCE"},"content":{"rendered":"\n<p>Le 05 septembre, le CCCE a tenu une r\u00e9union d\u2019information sur demande de l\u2019association Treu B\u00e8r\u00e8. Celle-ci a pu \u00eatre re\u00e7ue par 4 membres du CCCE&nbsp;:<\/p>\n\n\n\n<ul class=\"wp-block-list\">\n<li>Son pr\u00e9sident M. Wamytan Rock<\/li>\n\n\n\n<li>Le secr\u00e9taire de l\u2019association M. Agourere Jean Pierre<\/li>\n\n\n\n<li>Un des conseillers du CCCE de l\u2019Ile des Pins M. Mouyri Alain,<\/li>\n\n\n\n<li>La coordinatrice, Mme. Saicatre Ma\u00ebva<\/li>\n<\/ul>\n\n\n\n<p>Le CCCE a rencontr\u00e9 l\u2019association repr\u00e9sent\u00e9 par M. Vama Eug\u00e8ne accompagn\u00e9 de 12 autres membres.<\/p>\n\n\n\n<p>Les sujets suivants ont \u00e9t\u00e9 \u00e0 l\u2019ordre du jour&nbsp;:<\/p>\n\n\n\n<p>&#8211;&nbsp; Le rappel des missions et des objectifs 2024 du CCCE,<\/p>\n\n\n\n<p>&#8211; Un point de situation de l\u2019OEIL et projet en cours<\/p>\n\n\n\n<p>&#8211; Les activit\u00e9s CCCE : point de situation environnementale de PRNC,<\/p>\n\n\n\n<p>&#8211; Questions diverses<\/p>\n\n\n\n<p>L\u2019objectif pour le CCCE a \u00e9t\u00e9 d\u2019informer les membres de cette association sur les actions men\u00e9es par le CCCE pour l\u2019environnement tout en prenant en compte l\u2019activit\u00e9 et les risques environnementaux g\u00e9n\u00e9r\u00e9 par la situation de blocage du site industriel de PRNC depuis le 13 mai 2024.<\/p>\n","protected":false},"excerpt":{"rendered":"<p>Le 05 septembre, le CCCE a tenu une r\u00e9union d\u2019information sur demande de l\u2019association Treu B\u00e8r\u00e8. Celle-ci a pu \u00eatre re\u00e7ue par 4 membres du CCCE&nbsp;: Le CCCE a rencontr\u00e9 l\u2019association repr\u00e9sent\u00e9 par M. Vama Eug\u00e8ne accompagn\u00e9 de 12 autres membres. Les sujets suivants ont \u00e9t\u00e9 \u00e0 l\u2019ordre du jour&nbsp;: &#8211;&nbsp; Le rappel des missions &#8230; <a title=\"Rencontre entre l\u2019association Treu B\u00e8r\u00e8 de l\u2019\u00eele des Pins et le CCCE\" class=\"read-more\" href=\"https:\/\/pacte-grand-sud.nc\/ccce\/actualites\/rencontre-entre-lassociation-treu-bere-de-lile-des-pins-et-le-ccce\/\" aria-label=\"En savoir plus sur Rencontre entre l\u2019association Treu B\u00e8r\u00e8 de l\u2019\u00eele des Pins et le CCCE\">Lire plus<\/a><\/p>\n","protected":false},"author":3,"featured_media":3402,"comment_status":"closed","ping_status":"closed","sticky":false,"template":"","format":"standard","meta":{"_acf_changed":false,"footnotes":""},"categories":[8],"tags":[],"class_list":["post-3401","post","type-post","status-publish","format-standard","has-post-thumbnail","hentry","category-actualites"],"acf":[],"_links":{"self":[{"href":"https:\/\/pacte-grand-sud.nc\/ccce\/wp-json\/wp\/v2\/posts\/3401","targetHints":{"allow":["GET"]}}],"collection":[{"href":"https:\/\/pacte-grand-sud.nc\/ccce\/wp-json\/wp\/v2\/posts"}],"about":[{"href":"https:\/\/pacte-grand-sud.nc\/ccce\/wp-json\/wp\/v2\/types\/post"}],"author":[{"embeddable":true,"href":"https:\/\/pacte-grand-sud.nc\/ccce\/wp-json\/wp\/v2\/users\/3"}],"replies":[{"embeddable":true,"href":"https:\/\/pacte-grand-sud.nc\/ccce\/wp-json\/wp\/v2\/comments?post=3401"}],"version-history":[{"count":1,"href":"https:\/\/pacte-grand-sud.nc\/ccce\/wp-json\/wp\/v2\/posts\/3401\/revisions"}],"predecessor-version":[{"id":3403,"href":"https:\/\/pacte-grand-sud.nc\/ccce\/wp-json\/wp\/v2\/posts\/3401\/revisions\/3403"}],"wp:featuredmedia":[{"embeddable":true,"href":"https:\/\/pacte-grand-sud.nc\/ccce\/wp-json\/wp\/v2\/media\/3402"}],"wp:attachment":[{"href":"https:\/\/pacte-grand-sud.nc\/ccce\/wp-json\/wp\/v2\/media?parent=3401"}],"wp:term":[{"taxonomy":"category","embeddable":true,"href":"https:\/\/pacte-grand-sud.nc\/ccce\/wp-json\/wp\/v2\/categories?post=3401"},{"taxonomy":"post_tag","embeddable":true,"href":"https:\/\/pacte-grand-sud.nc\/ccce\/wp-json\/wp\/v2\/tags?post=3401"}],"curies":[{"name":"wp","href":"https:\/\/api.w.org\/{rel}","templated":true}]}}