{"id":3404,"date":"2024-09-27T14:18:43","date_gmt":"2024-09-27T03:18:43","guid":{"rendered":"https:\/\/pacte-grand-sud.nc\/ccce\/?p=3404"},"modified":"2024-09-27T14:18:44","modified_gmt":"2024-09-27T03:18:44","slug":"le-ccce-a-yate-pour-une-reunion-dinformation","status":"publish","type":"post","link":"https:\/\/pacte-grand-sud.nc\/ccce\/actualites\/le-ccce-a-yate-pour-une-reunion-dinformation\/","title":{"rendered":"Le CCCE \u00e0 Yat\u00e9 pour une r\u00e9union d\u2019information"},"content":{"rendered":"\n<p>A la suite des \u00e9meutes du 13 mai, s\u2019est tenu \u00e0 la tribu de Waho le 22 juin, une r\u00e9union entre les repr\u00e9sentants coutumiers des tribus de Yat\u00e9, Saint-Louis et le CCCE. \u00a0L\u2019objectif est de faire le point sur la situation de Prony Resources (PRNC) et les enjeux environnementaux face \u00e0 la situation de blocage de PRNC. Afin de rechercher des solutions pour pallier les difficult\u00e9s rencontr\u00e9es par l\u2019industriel. La CCAT de Yat\u00e9 a \u00e9t\u00e9 invit\u00e9 \u00e0 participer \u00e0 ces \u00e9changes mais malheureusement n\u2019a pas fait acte de pr\u00e9sence.\u00a0<\/p>\n","protected":false},"excerpt":{"rendered":"<p>A la suite des \u00e9meutes du 13 mai, s\u2019est tenu \u00e0 la tribu de Waho le 22 juin, une r\u00e9union entre les repr\u00e9sentants coutumiers des tribus de Yat\u00e9, Saint-Louis et le CCCE. \u00a0L\u2019objectif est de faire le point sur la situation de Prony Resources (PRNC) et les enjeux environnementaux face \u00e0 la situation de blocage &#8230; <a title=\"Le CCCE \u00e0 Yat\u00e9 pour une r\u00e9union d\u2019information\" class=\"read-more\" href=\"https:\/\/pacte-grand-sud.nc\/ccce\/actualites\/le-ccce-a-yate-pour-une-reunion-dinformation\/\" aria-label=\"En savoir plus sur Le CCCE \u00e0 Yat\u00e9 pour une r\u00e9union d\u2019information\">Lire plus<\/a><\/p>\n","protected":false},"author":3,"featured_media":3405,"comment_status":"closed","ping_status":"closed","sticky":false,"template":"","format":"standard","meta":{"_acf_changed":false,"footnotes":""},"categories":[8],"tags":[],"class_list":["post-3404","post","type-post","status-publish","format-standard","has-post-thumbnail","hentry","category-actualites"],"acf":[],"_links":{"self":[{"href":"https:\/\/pacte-grand-sud.nc\/ccce\/wp-json\/wp\/v2\/posts\/3404","targetHints":{"allow":["GET"]}}],"collection":[{"href":"https:\/\/pacte-grand-sud.nc\/ccce\/wp-json\/wp\/v2\/posts"}],"about":[{"href":"https:\/\/pacte-grand-sud.nc\/ccce\/wp-json\/wp\/v2\/types\/post"}],"author":[{"embeddable":true,"href":"https:\/\/pacte-grand-sud.nc\/ccce\/wp-json\/wp\/v2\/users\/3"}],"replies":[{"embeddable":true,"href":"https:\/\/pacte-grand-sud.nc\/ccce\/wp-json\/wp\/v2\/comments?post=3404"}],"version-history":[{"count":1,"href":"https:\/\/pacte-grand-sud.nc\/ccce\/wp-json\/wp\/v2\/posts\/3404\/revisions"}],"predecessor-version":[{"id":3406,"href":"https:\/\/pacte-grand-sud.nc\/ccce\/wp-json\/wp\/v2\/posts\/3404\/revisions\/3406"}],"wp:featuredmedia":[{"embeddable":true,"href":"https:\/\/pacte-grand-sud.nc\/ccce\/wp-json\/wp\/v2\/media\/3405"}],"wp:attachment":[{"href":"https:\/\/pacte-grand-sud.nc\/ccce\/wp-json\/wp\/v2\/media?parent=3404"}],"wp:term":[{"taxonomy":"category","embeddable":true,"href":"https:\/\/pacte-grand-sud.nc\/ccce\/wp-json\/wp\/v2\/categories?post=3404"},{"taxonomy":"post_tag","embeddable":true,"href":"https:\/\/pacte-grand-sud.nc\/ccce\/wp-json\/wp\/v2\/tags?post=3404"}],"curies":[{"name":"wp","href":"https:\/\/api.w.org\/{rel}","templated":true}]}}