{"id":3410,"date":"2025-01-09T10:27:39","date_gmt":"2025-01-08T23:27:39","guid":{"rendered":"https:\/\/pacte-grand-sud.nc\/ccce\/?p=3410"},"modified":"2025-01-09T10:27:39","modified_gmt":"2025-01-08T23:27:39","slug":"reunion-pleniere-a-goro","status":"publish","type":"post","link":"https:\/\/pacte-grand-sud.nc\/ccce\/actualites\/reunion-pleniere-a-goro\/","title":{"rendered":"R\u00e9union pl\u00e9ni\u00e8re \u00e0 GORO"},"content":{"rendered":"\n<p>Le 07 novembre 2024 s\u2019est tenue une r\u00e9union pl\u00e9ni\u00e8re \u00e0 la tribu de Goro qui avait pour ordre du jour les points suivants :<\/p>\n\n\n\n<figure class=\"wp-block-gallery has-nested-images columns-default is-cropped wp-block-gallery-1 is-layout-flex wp-block-gallery-is-layout-flex\">\n<figure class=\"wp-block-image size-large\"><img loading=\"lazy\" decoding=\"async\" width=\"1024\" height=\"768\" data-id=\"3427\" src=\"https:\/\/pacte-grand-sud.nc\/ccce\/wp-content\/uploads\/2025\/01\/geste-de-coutume-de-Bonjour-1024x768.jpg\" alt=\"\" class=\"wp-image-3427\" srcset=\"https:\/\/pacte-grand-sud.nc\/ccce\/wp-content\/uploads\/2025\/01\/geste-de-coutume-de-Bonjour-1024x768.jpg 1024w, https:\/\/pacte-grand-sud.nc\/ccce\/wp-content\/uploads\/2025\/01\/geste-de-coutume-de-Bonjour-300x225.jpg 300w, https:\/\/pacte-grand-sud.nc\/ccce\/wp-content\/uploads\/2025\/01\/geste-de-coutume-de-Bonjour-768x576.jpg 768w, https:\/\/pacte-grand-sud.nc\/ccce\/wp-content\/uploads\/2025\/01\/geste-de-coutume-de-Bonjour-1536x1152.jpg 1536w, https:\/\/pacte-grand-sud.nc\/ccce\/wp-content\/uploads\/2025\/01\/geste-de-coutume-de-Bonjour-2048x1536.jpg 2048w\" sizes=\"auto, (max-width: 1024px) 100vw, 1024px\" \/><\/figure>\n\n\n\n<figure class=\"wp-block-image size-large\"><img loading=\"lazy\" decoding=\"async\" width=\"1024\" height=\"768\" data-id=\"3430\" src=\"https:\/\/pacte-grand-sud.nc\/ccce\/wp-content\/uploads\/2025\/01\/Geste-de-coutume-de-Bonjour-2_President-de-fondation-1-1024x768.jpg\" alt=\"\" class=\"wp-image-3430\" srcset=\"https:\/\/pacte-grand-sud.nc\/ccce\/wp-content\/uploads\/2025\/01\/Geste-de-coutume-de-Bonjour-2_President-de-fondation-1-1024x768.jpg 1024w, https:\/\/pacte-grand-sud.nc\/ccce\/wp-content\/uploads\/2025\/01\/Geste-de-coutume-de-Bonjour-2_President-de-fondation-1-300x225.jpg 300w, https:\/\/pacte-grand-sud.nc\/ccce\/wp-content\/uploads\/2025\/01\/Geste-de-coutume-de-Bonjour-2_President-de-fondation-1-768x576.jpg 768w, https:\/\/pacte-grand-sud.nc\/ccce\/wp-content\/uploads\/2025\/01\/Geste-de-coutume-de-Bonjour-2_President-de-fondation-1-1536x1152.jpg 1536w, https:\/\/pacte-grand-sud.nc\/ccce\/wp-content\/uploads\/2025\/01\/Geste-de-coutume-de-Bonjour-2_President-de-fondation-1-2048x1536.jpg 2048w\" sizes=\"auto, (max-width: 1024px) 100vw, 1024px\" \/><\/figure>\n<\/figure>\n\n\n\n<p>1\/ Rapport du CCCE sur le suivi environnemental de PRNC,<\/p>\n\n\n\n<ul class=\"wp-block-list\">\n<li>Pr\u00e9sentation du CCCE<\/li>\n\n\n\n<li>Discussion sur les sujets soulev\u00e9s<\/li>\n\n\n\n<li>Le plan de fermeture<\/li>\n\n\n\n<li>Les r\u00e9solutions<\/li>\n<\/ul>\n\n\n\n<p>2\/ Le point sur la situation sociale et \u00e9conomique dans les tribus de l\u2019Aire DK<\/p>\n\n\n\n<ul class=\"wp-block-list\">\n<li>Pr\u00e9sentation d\u2019un travail du CCDK avec le Parc de la mer de Corail<\/li>\n\n\n\n<li>Point sur les actions 2024 de la Fondation XERE Prony Resources NC<\/li>\n\n\n\n<li>La parole aux chefferies<\/li>\n<\/ul>\n\n\n\n<p>3\/ Point sur PRNC,<\/p>\n\n\n\n<ul class=\"wp-block-list\">\n<li>La Parole au FRESC\u00a0: restructuration, maintien du Pacte et de l\u2019amodiation.<\/li>\n<\/ul>\n\n\n\n<figure class=\"wp-block-image size-large\"><img loading=\"lazy\" decoding=\"async\" width=\"1024\" height=\"768\" src=\"https:\/\/pacte-grand-sud.nc\/ccce\/wp-content\/uploads\/2025\/01\/vue-densemble-assemblee-1024x768.jpg\" alt=\"\" class=\"wp-image-3426\" srcset=\"https:\/\/pacte-grand-sud.nc\/ccce\/wp-content\/uploads\/2025\/01\/vue-densemble-assemblee-1024x768.jpg 1024w, https:\/\/pacte-grand-sud.nc\/ccce\/wp-content\/uploads\/2025\/01\/vue-densemble-assemblee-300x225.jpg 300w, https:\/\/pacte-grand-sud.nc\/ccce\/wp-content\/uploads\/2025\/01\/vue-densemble-assemblee-768x576.jpg 768w, https:\/\/pacte-grand-sud.nc\/ccce\/wp-content\/uploads\/2025\/01\/vue-densemble-assemblee-1536x1152.jpg 1536w, https:\/\/pacte-grand-sud.nc\/ccce\/wp-content\/uploads\/2025\/01\/vue-densemble-assemblee-2048x1536.jpg 2048w\" sizes=\"auto, (max-width: 1024px) 100vw, 1024px\" \/><\/figure>\n\n\n\n<p>La d\u00e9cision est prise en fin de s\u00e9ance de r\u00e9unir de nouveau les chefferies, le 29 novembre, afin de prendre des r\u00e9solutions sur les probl\u00e9matiques expos\u00e9es. Le lieu sera communiqu\u00e9 ult\u00e9rieurement par le CCDK.<\/p>\n\n\n\n<figure class=\"wp-block-image size-large\"><img loading=\"lazy\" decoding=\"async\" width=\"1024\" height=\"768\" src=\"https:\/\/pacte-grand-sud.nc\/ccce\/wp-content\/uploads\/2025\/01\/geste-coutume_fin-de-reunion-1024x768.jpg\" alt=\"\" class=\"wp-image-3428\" srcset=\"https:\/\/pacte-grand-sud.nc\/ccce\/wp-content\/uploads\/2025\/01\/geste-coutume_fin-de-reunion-1024x768.jpg 1024w, https:\/\/pacte-grand-sud.nc\/ccce\/wp-content\/uploads\/2025\/01\/geste-coutume_fin-de-reunion-300x225.jpg 300w, https:\/\/pacte-grand-sud.nc\/ccce\/wp-content\/uploads\/2025\/01\/geste-coutume_fin-de-reunion-768x576.jpg 768w, https:\/\/pacte-grand-sud.nc\/ccce\/wp-content\/uploads\/2025\/01\/geste-coutume_fin-de-reunion-1536x1152.jpg 1536w, https:\/\/pacte-grand-sud.nc\/ccce\/wp-content\/uploads\/2025\/01\/geste-coutume_fin-de-reunion-2048x1536.jpg 2048w\" sizes=\"auto, (max-width: 1024px) 100vw, 1024px\" \/><\/figure>\n","protected":false},"excerpt":{"rendered":"<p>Le 07 novembre 2024 s\u2019est tenue une r\u00e9union pl\u00e9ni\u00e8re \u00e0 la tribu de Goro qui avait pour ordre du jour les points suivants : 1\/ Rapport du CCCE sur le suivi environnemental de PRNC, 2\/ Le point sur la situation sociale et \u00e9conomique dans les tribus de l\u2019Aire DK 3\/ Point sur PRNC, La d\u00e9cision &#8230; <a title=\"R\u00e9union pl\u00e9ni\u00e8re \u00e0 GORO\" class=\"read-more\" href=\"https:\/\/pacte-grand-sud.nc\/ccce\/actualites\/reunion-pleniere-a-goro\/\" aria-label=\"En savoir plus sur R\u00e9union pl\u00e9ni\u00e8re \u00e0 GORO\">Lire plus<\/a><\/p>\n","protected":false},"author":3,"featured_media":3426,"comment_status":"closed","ping_status":"closed","sticky":false,"template":"","format":"standard","meta":{"_acf_changed":false,"footnotes":""},"categories":[8],"tags":[],"class_list":["post-3410","post","type-post","status-publish","format-standard","has-post-thumbnail","hentry","category-actualites"],"acf":[],"_links":{"self":[{"href":"https:\/\/pacte-grand-sud.nc\/ccce\/wp-json\/wp\/v2\/posts\/3410","targetHints":{"allow":["GET"]}}],"collection":[{"href":"https:\/\/pacte-grand-sud.nc\/ccce\/wp-json\/wp\/v2\/posts"}],"about":[{"href":"https:\/\/pacte-grand-sud.nc\/ccce\/wp-json\/wp\/v2\/types\/post"}],"author":[{"embeddable":true,"href":"https:\/\/pacte-grand-sud.nc\/ccce\/wp-json\/wp\/v2\/users\/3"}],"replies":[{"embeddable":true,"href":"https:\/\/pacte-grand-sud.nc\/ccce\/wp-json\/wp\/v2\/comments?post=3410"}],"version-history":[{"count":2,"href":"https:\/\/pacte-grand-sud.nc\/ccce\/wp-json\/wp\/v2\/posts\/3410\/revisions"}],"predecessor-version":[{"id":3431,"href":"https:\/\/pacte-grand-sud.nc\/ccce\/wp-json\/wp\/v2\/posts\/3410\/revisions\/3431"}],"wp:featuredmedia":[{"embeddable":true,"href":"https:\/\/pacte-grand-sud.nc\/ccce\/wp-json\/wp\/v2\/media\/3426"}],"wp:attachment":[{"href":"https:\/\/pacte-grand-sud.nc\/ccce\/wp-json\/wp\/v2\/media?parent=3410"}],"wp:term":[{"taxonomy":"category","embeddable":true,"href":"https:\/\/pacte-grand-sud.nc\/ccce\/wp-json\/wp\/v2\/categories?post=3410"},{"taxonomy":"post_tag","embeddable":true,"href":"https:\/\/pacte-grand-sud.nc\/ccce\/wp-json\/wp\/v2\/tags?post=3410"}],"curies":[{"name":"wp","href":"https:\/\/api.w.org\/{rel}","templated":true}]}}