{"id":3414,"date":"2025-01-09T10:27:46","date_gmt":"2025-01-08T23:27:46","guid":{"rendered":"https:\/\/pacte-grand-sud.nc\/ccce\/?p=3414"},"modified":"2025-01-09T10:27:46","modified_gmt":"2025-01-08T23:27:46","slug":"visite-sur-le-site-industriel-le-28-novembre","status":"publish","type":"post","link":"https:\/\/pacte-grand-sud.nc\/ccce\/actualites\/visite-sur-le-site-industriel-le-28-novembre\/","title":{"rendered":"Visite sur le site industriel le 28 novembre"},"content":{"rendered":"\n<p>Le 28 novembre 2024, une d\u00e9l\u00e9gation du CCCE s&rsquo;est rendu sur le site de l&rsquo;usine de Goro accompagn\u00e9 de membres de Prony Resources pour une visite sur mine, comme demand\u00e9 par le CCCE.<\/p>\n\n\n\n<figure class=\"wp-block-image size-large is-resized\"><img loading=\"lazy\" decoding=\"async\" width=\"1024\" height=\"768\" src=\"https:\/\/pacte-grand-sud.nc\/ccce\/wp-content\/uploads\/2025\/01\/20241128_103837-1024x768.jpg\" alt=\"\" class=\"wp-image-3423\" style=\"width:569px;height:auto\" srcset=\"https:\/\/pacte-grand-sud.nc\/ccce\/wp-content\/uploads\/2025\/01\/20241128_103837-1024x768.jpg 1024w, https:\/\/pacte-grand-sud.nc\/ccce\/wp-content\/uploads\/2025\/01\/20241128_103837-300x225.jpg 300w, https:\/\/pacte-grand-sud.nc\/ccce\/wp-content\/uploads\/2025\/01\/20241128_103837-768x576.jpg 768w, https:\/\/pacte-grand-sud.nc\/ccce\/wp-content\/uploads\/2025\/01\/20241128_103837-1536x1152.jpg 1536w, https:\/\/pacte-grand-sud.nc\/ccce\/wp-content\/uploads\/2025\/01\/20241128_103837-2048x1536.jpg 2048w\" sizes=\"auto, (max-width: 1024px) 100vw, 1024px\" \/><\/figure>\n\n\n\n<p>La visite s&rsquo;est d\u00e9roul\u00e9e en se concentrant sur les \u00e9l\u00e9ments suivants :<\/p>\n\n\n\n<ul class=\"wp-block-list\">\n<li>Visite de la zone de stockage de soufre. En raison du contexte de ces derniers mois, la capacit\u00e9 de stockage de soufre est exc\u00e9dentaire. La DIMENC a autoris\u00e9 via un arr\u00eat\u00e9 compl\u00e9mentaire le surstockage de soufre. (<em>Arr\u00eat\u00e9 N\u00b05591-2024<\/em>). Cet arr\u00eat\u00e9 mentionne l\u2019ensemble des mesures \u00e0 mettre en place par l\u2019industriel afin de s\u2019assurer des conditions s\u00e9curitaires optimales. PRNC se doit de revenir \u00e0 des volumes de stockage normaux au 31\/12\/2024.<\/li>\n\n\n\n<li>Ensuite, un arr\u00eat pour observer la baisse continue du niveau d&rsquo;eau du Parc \u00e0 r\u00e9sidus (bassin KO2) apr\u00e8s la vidange effectu\u00e9e depuis le 19 ao\u00fbt (date de reprise d\u2019activit\u00e9 de l\u2019unit\u00e9 de traitement des effluents 285 \u00e0 la suite des \u00e9v\u00e8nements du 13 mai). Le niveau du Parc se situe \u00e0 0,8 millions de m3, ce qui est confortable pour la saison cyclonique.<\/li>\n\n\n\n<li>Et pour clore cette visite un dernier arr\u00eat, au point de vue de KN2-3 (Fosse mini\u00e8re) pour constater la gestion des eaux sur la mine.<\/li>\n<\/ul>\n\n\n\n<figure class=\"wp-block-gallery has-nested-images columns-default is-cropped wp-block-gallery-1 is-layout-flex wp-block-gallery-is-layout-flex\">\n<figure class=\"wp-block-image size-large\"><img loading=\"lazy\" decoding=\"async\" width=\"1024\" height=\"768\" data-id=\"3421\" src=\"https:\/\/pacte-grand-sud.nc\/ccce\/wp-content\/uploads\/2025\/01\/CCCE-face-a-PRNC-donnant-explication-sur-la-mine-1024x768.jpg\" alt=\"\" class=\"wp-image-3421\" srcset=\"https:\/\/pacte-grand-sud.nc\/ccce\/wp-content\/uploads\/2025\/01\/CCCE-face-a-PRNC-donnant-explication-sur-la-mine-1024x768.jpg 1024w, https:\/\/pacte-grand-sud.nc\/ccce\/wp-content\/uploads\/2025\/01\/CCCE-face-a-PRNC-donnant-explication-sur-la-mine-300x225.jpg 300w, https:\/\/pacte-grand-sud.nc\/ccce\/wp-content\/uploads\/2025\/01\/CCCE-face-a-PRNC-donnant-explication-sur-la-mine-768x576.jpg 768w, https:\/\/pacte-grand-sud.nc\/ccce\/wp-content\/uploads\/2025\/01\/CCCE-face-a-PRNC-donnant-explication-sur-la-mine-1536x1152.jpg 1536w, https:\/\/pacte-grand-sud.nc\/ccce\/wp-content\/uploads\/2025\/01\/CCCE-face-a-PRNC-donnant-explication-sur-la-mine-2048x1536.jpg 2048w\" sizes=\"auto, (max-width: 1024px) 100vw, 1024px\" \/><\/figure>\n\n\n\n<figure class=\"wp-block-image size-large\"><img loading=\"lazy\" decoding=\"async\" width=\"768\" height=\"1024\" data-id=\"3420\" src=\"https:\/\/pacte-grand-sud.nc\/ccce\/wp-content\/uploads\/2025\/01\/explication-devant-le-Parc-a-residu-768x1024.jpg\" alt=\"\" class=\"wp-image-3420\" srcset=\"https:\/\/pacte-grand-sud.nc\/ccce\/wp-content\/uploads\/2025\/01\/explication-devant-le-Parc-a-residu-768x1024.jpg 768w, https:\/\/pacte-grand-sud.nc\/ccce\/wp-content\/uploads\/2025\/01\/explication-devant-le-Parc-a-residu-225x300.jpg 225w, https:\/\/pacte-grand-sud.nc\/ccce\/wp-content\/uploads\/2025\/01\/explication-devant-le-Parc-a-residu-1152x1536.jpg 1152w, https:\/\/pacte-grand-sud.nc\/ccce\/wp-content\/uploads\/2025\/01\/explication-devant-le-Parc-a-residu-1536x2048.jpg 1536w, https:\/\/pacte-grand-sud.nc\/ccce\/wp-content\/uploads\/2025\/01\/explication-devant-le-Parc-a-residu-scaled.jpg 1920w\" sizes=\"auto, (max-width: 768px) 100vw, 768px\" \/><\/figure>\n\n\n\n<figure class=\"wp-block-image size-large\"><img loading=\"lazy\" decoding=\"async\" width=\"1024\" height=\"768\" data-id=\"3422\" src=\"https:\/\/pacte-grand-sud.nc\/ccce\/wp-content\/uploads\/2025\/01\/membre-CCCE-et-salarie-PRNC-1-1024x768.jpg\" alt=\"\" class=\"wp-image-3422\" srcset=\"https:\/\/pacte-grand-sud.nc\/ccce\/wp-content\/uploads\/2025\/01\/membre-CCCE-et-salarie-PRNC-1-1024x768.jpg 1024w, https:\/\/pacte-grand-sud.nc\/ccce\/wp-content\/uploads\/2025\/01\/membre-CCCE-et-salarie-PRNC-1-300x225.jpg 300w, https:\/\/pacte-grand-sud.nc\/ccce\/wp-content\/uploads\/2025\/01\/membre-CCCE-et-salarie-PRNC-1-768x576.jpg 768w, https:\/\/pacte-grand-sud.nc\/ccce\/wp-content\/uploads\/2025\/01\/membre-CCCE-et-salarie-PRNC-1-1536x1152.jpg 1536w, https:\/\/pacte-grand-sud.nc\/ccce\/wp-content\/uploads\/2025\/01\/membre-CCCE-et-salarie-PRNC-1-2048x1536.jpg 2048w\" sizes=\"auto, (max-width: 1024px) 100vw, 1024px\" \/><\/figure>\n\n\n\n<figure class=\"wp-block-image size-large\"><img loading=\"lazy\" decoding=\"async\" width=\"1024\" height=\"768\" data-id=\"3419\" src=\"https:\/\/pacte-grand-sud.nc\/ccce\/wp-content\/uploads\/2025\/01\/vue-sur-fosse-miniere-et-bassin-retenue-deau-1024x768.jpg\" alt=\"\" class=\"wp-image-3419\" srcset=\"https:\/\/pacte-grand-sud.nc\/ccce\/wp-content\/uploads\/2025\/01\/vue-sur-fosse-miniere-et-bassin-retenue-deau-1024x768.jpg 1024w, https:\/\/pacte-grand-sud.nc\/ccce\/wp-content\/uploads\/2025\/01\/vue-sur-fosse-miniere-et-bassin-retenue-deau-300x225.jpg 300w, https:\/\/pacte-grand-sud.nc\/ccce\/wp-content\/uploads\/2025\/01\/vue-sur-fosse-miniere-et-bassin-retenue-deau-768x576.jpg 768w, https:\/\/pacte-grand-sud.nc\/ccce\/wp-content\/uploads\/2025\/01\/vue-sur-fosse-miniere-et-bassin-retenue-deau-1536x1152.jpg 1536w, https:\/\/pacte-grand-sud.nc\/ccce\/wp-content\/uploads\/2025\/01\/vue-sur-fosse-miniere-et-bassin-retenue-deau-2048x1536.jpg 2048w\" sizes=\"auto, (max-width: 1024px) 100vw, 1024px\" \/><\/figure>\n<\/figure>\n","protected":false},"excerpt":{"rendered":"<p>Le 28 novembre 2024, une d\u00e9l\u00e9gation du CCCE s&rsquo;est rendu sur le site de l&rsquo;usine de Goro accompagn\u00e9 de membres de Prony Resources pour une visite sur mine, comme demand\u00e9 par le CCCE. La visite s&rsquo;est d\u00e9roul\u00e9e en se concentrant sur les \u00e9l\u00e9ments suivants :<\/p>\n","protected":false},"author":3,"featured_media":3423,"comment_status":"closed","ping_status":"closed","sticky":false,"template":"","format":"standard","meta":{"_acf_changed":false,"footnotes":""},"categories":[8],"tags":[],"class_list":["post-3414","post","type-post","status-publish","format-standard","has-post-thumbnail","hentry","category-actualites"],"acf":[],"_links":{"self":[{"href":"https:\/\/pacte-grand-sud.nc\/ccce\/wp-json\/wp\/v2\/posts\/3414","targetHints":{"allow":["GET"]}}],"collection":[{"href":"https:\/\/pacte-grand-sud.nc\/ccce\/wp-json\/wp\/v2\/posts"}],"about":[{"href":"https:\/\/pacte-grand-sud.nc\/ccce\/wp-json\/wp\/v2\/types\/post"}],"author":[{"embeddable":true,"href":"https:\/\/pacte-grand-sud.nc\/ccce\/wp-json\/wp\/v2\/users\/3"}],"replies":[{"embeddable":true,"href":"https:\/\/pacte-grand-sud.nc\/ccce\/wp-json\/wp\/v2\/comments?post=3414"}],"version-history":[{"count":2,"href":"https:\/\/pacte-grand-sud.nc\/ccce\/wp-json\/wp\/v2\/posts\/3414\/revisions"}],"predecessor-version":[{"id":3424,"href":"https:\/\/pacte-grand-sud.nc\/ccce\/wp-json\/wp\/v2\/posts\/3414\/revisions\/3424"}],"wp:featuredmedia":[{"embeddable":true,"href":"https:\/\/pacte-grand-sud.nc\/ccce\/wp-json\/wp\/v2\/media\/3423"}],"wp:attachment":[{"href":"https:\/\/pacte-grand-sud.nc\/ccce\/wp-json\/wp\/v2\/media?parent=3414"}],"wp:term":[{"taxonomy":"category","embeddable":true,"href":"https:\/\/pacte-grand-sud.nc\/ccce\/wp-json\/wp\/v2\/categories?post=3414"},{"taxonomy":"post_tag","embeddable":true,"href":"https:\/\/pacte-grand-sud.nc\/ccce\/wp-json\/wp\/v2\/tags?post=3414"}],"curies":[{"name":"wp","href":"https:\/\/api.w.org\/{rel}","templated":true}]}}