{"id":3432,"date":"2025-01-09T10:27:51","date_gmt":"2025-01-08T23:27:51","guid":{"rendered":"https:\/\/pacte-grand-sud.nc\/ccce\/?p=3432"},"modified":"2025-01-09T10:27:51","modified_gmt":"2025-01-08T23:27:51","slug":"reunion-pleniere-du-ccdk-a-la-maison-commune-de-la-conception","status":"publish","type":"post","link":"https:\/\/pacte-grand-sud.nc\/ccce\/actualites\/reunion-pleniere-du-ccdk-a-la-maison-commune-de-la-conception\/","title":{"rendered":"R\u00e9union Pl\u00e9ni\u00e8re du CCDK \u00e0 la maison commune de La Conception"},"content":{"rendered":"\n<p>Le 29 novembre 2024, a eu lieu la seconde r\u00e9union pl\u00e9ni\u00e8re \u00e0 la tribu de La Conception. Le d\u00e9roul\u00e9 de la s\u00e9ance du jour \u00e9tait le suivant&nbsp;:<\/p>\n\n\n\n<figure class=\"wp-block-image size-large\"><img loading=\"lazy\" decoding=\"async\" width=\"1024\" height=\"768\" src=\"https:\/\/pacte-grand-sud.nc\/ccce\/wp-content\/uploads\/2025\/01\/Coutume-de-bonjour-1024x768.jpg\" alt=\"\" class=\"wp-image-3433\" srcset=\"https:\/\/pacte-grand-sud.nc\/ccce\/wp-content\/uploads\/2025\/01\/Coutume-de-bonjour-1024x768.jpg 1024w, https:\/\/pacte-grand-sud.nc\/ccce\/wp-content\/uploads\/2025\/01\/Coutume-de-bonjour-300x225.jpg 300w, https:\/\/pacte-grand-sud.nc\/ccce\/wp-content\/uploads\/2025\/01\/Coutume-de-bonjour-768x576.jpg 768w, https:\/\/pacte-grand-sud.nc\/ccce\/wp-content\/uploads\/2025\/01\/Coutume-de-bonjour-1536x1152.jpg 1536w, https:\/\/pacte-grand-sud.nc\/ccce\/wp-content\/uploads\/2025\/01\/Coutume-de-bonjour-2048x1536.jpg 2048w\" sizes=\"auto, (max-width: 1024px) 100vw, 1024px\" \/><\/figure>\n\n\n\n<p>1. Usine du Sud<\/p>\n\n\n\n<p>Pr\u00e9sentation du compte-rendu et des r\u00e9solutions de la r\u00e9union de Goro sur les points suivants :<\/p>\n\n\n\n<figure class=\"wp-block-gallery has-nested-images columns-default is-cropped wp-block-gallery-1 is-layout-flex wp-block-gallery-is-layout-flex\">\n<figure class=\"wp-block-image size-large\"><img loading=\"lazy\" decoding=\"async\" width=\"1024\" height=\"768\" data-id=\"3434\" src=\"https:\/\/pacte-grand-sud.nc\/ccce\/wp-content\/uploads\/2025\/01\/Assemblee-1024x768.jpg\" alt=\"\" class=\"wp-image-3434\" srcset=\"https:\/\/pacte-grand-sud.nc\/ccce\/wp-content\/uploads\/2025\/01\/Assemblee-1024x768.jpg 1024w, https:\/\/pacte-grand-sud.nc\/ccce\/wp-content\/uploads\/2025\/01\/Assemblee-300x225.jpg 300w, https:\/\/pacte-grand-sud.nc\/ccce\/wp-content\/uploads\/2025\/01\/Assemblee-768x576.jpg 768w, https:\/\/pacte-grand-sud.nc\/ccce\/wp-content\/uploads\/2025\/01\/Assemblee-1536x1152.jpg 1536w, https:\/\/pacte-grand-sud.nc\/ccce\/wp-content\/uploads\/2025\/01\/Assemblee-2048x1536.jpg 2048w\" sizes=\"auto, (max-width: 1024px) 100vw, 1024px\" \/><\/figure>\n\n\n\n<figure class=\"wp-block-image size-large\"><img loading=\"lazy\" decoding=\"async\" width=\"1024\" height=\"768\" data-id=\"3435\" src=\"https:\/\/pacte-grand-sud.nc\/ccce\/wp-content\/uploads\/2025\/01\/Assemblee-presente-a-la-journee-1024x768.jpg\" alt=\"\" class=\"wp-image-3435\" srcset=\"https:\/\/pacte-grand-sud.nc\/ccce\/wp-content\/uploads\/2025\/01\/Assemblee-presente-a-la-journee-1024x768.jpg 1024w, https:\/\/pacte-grand-sud.nc\/ccce\/wp-content\/uploads\/2025\/01\/Assemblee-presente-a-la-journee-300x225.jpg 300w, https:\/\/pacte-grand-sud.nc\/ccce\/wp-content\/uploads\/2025\/01\/Assemblee-presente-a-la-journee-768x576.jpg 768w, https:\/\/pacte-grand-sud.nc\/ccce\/wp-content\/uploads\/2025\/01\/Assemblee-presente-a-la-journee-1536x1152.jpg 1536w, https:\/\/pacte-grand-sud.nc\/ccce\/wp-content\/uploads\/2025\/01\/Assemblee-presente-a-la-journee-2048x1536.jpg 2048w\" sizes=\"auto, (max-width: 1024px) 100vw, 1024px\" \/><\/figure>\n<\/figure>\n\n\n\n<p>a. R\u00e9solutions sur les questions environnementales qui d\u00e9coulent des probl\u00e9matiques rencontr\u00e9es \u00e0 la suite des \u00e9v\u00e8nements du 13 mai : Parc \u00e0 r\u00e9sidu (bassin KO2), Tuyau (Emissaire marin) et r\u00e9seaux de suivi.<\/p>\n\n\n\n<p>b. R\u00e9solutions sur la restructuration de PRNC : Amodiation, repreneur, entreprise communautaire, l\u2019emploi et la mont\u00e9e en comp\u00e9tences des cadres kanaks et cal\u00e9doniens.<\/p>\n\n\n\n<p>2. Cadre de travail du Conseil Coutumier Drub\u00e9a Kapume pour 2024-2025 et les enjeux pour l\u2019avenir vu par les coutumiers.<\/p>\n\n\n\n<figure class=\"wp-block-image size-large\"><img loading=\"lazy\" decoding=\"async\" width=\"1024\" height=\"768\" src=\"https:\/\/pacte-grand-sud.nc\/ccce\/wp-content\/uploads\/2025\/01\/20241129_163408-1024x768.jpg\" alt=\"\" class=\"wp-image-3436\" srcset=\"https:\/\/pacte-grand-sud.nc\/ccce\/wp-content\/uploads\/2025\/01\/20241129_163408-1024x768.jpg 1024w, https:\/\/pacte-grand-sud.nc\/ccce\/wp-content\/uploads\/2025\/01\/20241129_163408-300x225.jpg 300w, https:\/\/pacte-grand-sud.nc\/ccce\/wp-content\/uploads\/2025\/01\/20241129_163408-768x576.jpg 768w, https:\/\/pacte-grand-sud.nc\/ccce\/wp-content\/uploads\/2025\/01\/20241129_163408-1536x1152.jpg 1536w, https:\/\/pacte-grand-sud.nc\/ccce\/wp-content\/uploads\/2025\/01\/20241129_163408-2048x1536.jpg 2048w\" sizes=\"auto, (max-width: 1024px) 100vw, 1024px\" \/><\/figure>\n","protected":false},"excerpt":{"rendered":"<p>Le 29 novembre 2024, a eu lieu la seconde r\u00e9union pl\u00e9ni\u00e8re \u00e0 la tribu de La Conception. Le d\u00e9roul\u00e9 de la s\u00e9ance du jour \u00e9tait le suivant&nbsp;: 1. Usine du Sud Pr\u00e9sentation du compte-rendu et des r\u00e9solutions de la r\u00e9union de Goro sur les points suivants : a. R\u00e9solutions sur les questions environnementales qui d\u00e9coulent &#8230; <a title=\"R\u00e9union Pl\u00e9ni\u00e8re du CCDK \u00e0 la maison commune de La Conception\" class=\"read-more\" href=\"https:\/\/pacte-grand-sud.nc\/ccce\/actualites\/reunion-pleniere-du-ccdk-a-la-maison-commune-de-la-conception\/\" aria-label=\"En savoir plus sur R\u00e9union Pl\u00e9ni\u00e8re du CCDK \u00e0 la maison commune de La Conception\">Lire plus<\/a><\/p>\n","protected":false},"author":3,"featured_media":3434,"comment_status":"closed","ping_status":"closed","sticky":false,"template":"","format":"standard","meta":{"_acf_changed":false,"footnotes":""},"categories":[8],"tags":[],"class_list":["post-3432","post","type-post","status-publish","format-standard","has-post-thumbnail","hentry","category-actualites"],"acf":[],"_links":{"self":[{"href":"https:\/\/pacte-grand-sud.nc\/ccce\/wp-json\/wp\/v2\/posts\/3432","targetHints":{"allow":["GET"]}}],"collection":[{"href":"https:\/\/pacte-grand-sud.nc\/ccce\/wp-json\/wp\/v2\/posts"}],"about":[{"href":"https:\/\/pacte-grand-sud.nc\/ccce\/wp-json\/wp\/v2\/types\/post"}],"author":[{"embeddable":true,"href":"https:\/\/pacte-grand-sud.nc\/ccce\/wp-json\/wp\/v2\/users\/3"}],"replies":[{"embeddable":true,"href":"https:\/\/pacte-grand-sud.nc\/ccce\/wp-json\/wp\/v2\/comments?post=3432"}],"version-history":[{"count":1,"href":"https:\/\/pacte-grand-sud.nc\/ccce\/wp-json\/wp\/v2\/posts\/3432\/revisions"}],"predecessor-version":[{"id":3437,"href":"https:\/\/pacte-grand-sud.nc\/ccce\/wp-json\/wp\/v2\/posts\/3432\/revisions\/3437"}],"wp:featuredmedia":[{"embeddable":true,"href":"https:\/\/pacte-grand-sud.nc\/ccce\/wp-json\/wp\/v2\/media\/3434"}],"wp:attachment":[{"href":"https:\/\/pacte-grand-sud.nc\/ccce\/wp-json\/wp\/v2\/media?parent=3432"}],"wp:term":[{"taxonomy":"category","embeddable":true,"href":"https:\/\/pacte-grand-sud.nc\/ccce\/wp-json\/wp\/v2\/categories?post=3432"},{"taxonomy":"post_tag","embeddable":true,"href":"https:\/\/pacte-grand-sud.nc\/ccce\/wp-json\/wp\/v2\/tags?post=3432"}],"curies":[{"name":"wp","href":"https:\/\/api.w.org\/{rel}","templated":true}]}}