{"id":3438,"date":"2025-01-09T10:27:55","date_gmt":"2025-01-08T23:27:55","guid":{"rendered":"https:\/\/pacte-grand-sud.nc\/ccce\/?p=3438"},"modified":"2025-01-09T10:27:55","modified_gmt":"2025-01-08T23:27:55","slug":"assemblee-generale-du-17-decembre-2024","status":"publish","type":"post","link":"https:\/\/pacte-grand-sud.nc\/ccce\/actualites\/assemblee-generale-du-17-decembre-2024\/","title":{"rendered":"Assembl\u00e9e g\u00e9n\u00e9rale du 17 d\u00e9cembre 2024"},"content":{"rendered":"\n<figure class=\"wp-block-gallery has-nested-images columns-default is-cropped wp-block-gallery-1 is-layout-flex wp-block-gallery-is-layout-flex\">\n<figure class=\"wp-block-image size-large\"><img loading=\"lazy\" decoding=\"async\" width=\"768\" height=\"1024\" data-id=\"3439\" src=\"https:\/\/pacte-grand-sud.nc\/ccce\/wp-content\/uploads\/2025\/01\/Coutume-bonjourportrait-768x1024.jpg\" alt=\"\" class=\"wp-image-3439\" srcset=\"https:\/\/pacte-grand-sud.nc\/ccce\/wp-content\/uploads\/2025\/01\/Coutume-bonjourportrait-768x1024.jpg 768w, https:\/\/pacte-grand-sud.nc\/ccce\/wp-content\/uploads\/2025\/01\/Coutume-bonjourportrait-225x300.jpg 225w, https:\/\/pacte-grand-sud.nc\/ccce\/wp-content\/uploads\/2025\/01\/Coutume-bonjourportrait-1152x1536.jpg 1152w, https:\/\/pacte-grand-sud.nc\/ccce\/wp-content\/uploads\/2025\/01\/Coutume-bonjourportrait.jpg 1200w\" sizes=\"auto, (max-width: 768px) 100vw, 768px\" \/><\/figure>\n\n\n\n<figure class=\"wp-block-image size-large\"><img loading=\"lazy\" decoding=\"async\" width=\"1024\" height=\"768\" data-id=\"3440\" src=\"https:\/\/pacte-grand-sud.nc\/ccce\/wp-content\/uploads\/2025\/01\/coutume-de-bonjour-a-koutio-1024x768.jpg\" alt=\"\" class=\"wp-image-3440\" srcset=\"https:\/\/pacte-grand-sud.nc\/ccce\/wp-content\/uploads\/2025\/01\/coutume-de-bonjour-a-koutio-1024x768.jpg 1024w, https:\/\/pacte-grand-sud.nc\/ccce\/wp-content\/uploads\/2025\/01\/coutume-de-bonjour-a-koutio-300x225.jpg 300w, https:\/\/pacte-grand-sud.nc\/ccce\/wp-content\/uploads\/2025\/01\/coutume-de-bonjour-a-koutio-768x576.jpg 768w, https:\/\/pacte-grand-sud.nc\/ccce\/wp-content\/uploads\/2025\/01\/coutume-de-bonjour-a-koutio.jpg 1200w\" sizes=\"auto, (max-width: 1024px) 100vw, 1024px\" \/><\/figure>\n\n\n\n<figure class=\"wp-block-image size-large\"><img loading=\"lazy\" decoding=\"async\" width=\"1024\" height=\"768\" data-id=\"3441\" src=\"https:\/\/pacte-grand-sud.nc\/ccce\/wp-content\/uploads\/2025\/01\/coutume-bonjour-paysage-1024x768.jpg\" alt=\"\" class=\"wp-image-3441\" srcset=\"https:\/\/pacte-grand-sud.nc\/ccce\/wp-content\/uploads\/2025\/01\/coutume-bonjour-paysage-1024x768.jpg 1024w, https:\/\/pacte-grand-sud.nc\/ccce\/wp-content\/uploads\/2025\/01\/coutume-bonjour-paysage-300x225.jpg 300w, https:\/\/pacte-grand-sud.nc\/ccce\/wp-content\/uploads\/2025\/01\/coutume-bonjour-paysage-768x576.jpg 768w, https:\/\/pacte-grand-sud.nc\/ccce\/wp-content\/uploads\/2025\/01\/coutume-bonjour-paysage.jpg 1200w\" sizes=\"auto, (max-width: 1024px) 100vw, 1024px\" \/><\/figure>\n<\/figure>\n\n\n\n<p>Le CCCE a tenu son unique Assembl\u00e9e G\u00e9n\u00e9rale mixte pour l\u2019ann\u00e9e 2024 \u00e0 la maison commune du Pic aux ch\u00e8vres \u00e0 Dumb\u00e9a, le mardi 17 d\u00e9cembre 2024 durant laquelle les membres de droit et les conseillers ont approuv\u00e9 les points suivants&nbsp;:<\/p>\n\n\n\n<figure class=\"wp-block-gallery has-nested-images columns-default is-cropped wp-block-gallery-2 is-layout-flex wp-block-gallery-is-layout-flex\">\n<figure class=\"wp-block-image size-large\"><img loading=\"lazy\" decoding=\"async\" width=\"1024\" height=\"768\" data-id=\"3443\" src=\"https:\/\/pacte-grand-sud.nc\/ccce\/wp-content\/uploads\/2025\/01\/Assemblee-2eme-partie-1024x768.jpg\" alt=\"\" class=\"wp-image-3443\" srcset=\"https:\/\/pacte-grand-sud.nc\/ccce\/wp-content\/uploads\/2025\/01\/Assemblee-2eme-partie-1024x768.jpg 1024w, https:\/\/pacte-grand-sud.nc\/ccce\/wp-content\/uploads\/2025\/01\/Assemblee-2eme-partie-300x225.jpg 300w, https:\/\/pacte-grand-sud.nc\/ccce\/wp-content\/uploads\/2025\/01\/Assemblee-2eme-partie-768x576.jpg 768w, https:\/\/pacte-grand-sud.nc\/ccce\/wp-content\/uploads\/2025\/01\/Assemblee-2eme-partie.jpg 1200w\" sizes=\"auto, (max-width: 1024px) 100vw, 1024px\" \/><\/figure>\n\n\n\n<figure class=\"wp-block-image size-large\"><img loading=\"lazy\" decoding=\"async\" width=\"1024\" height=\"768\" data-id=\"3442\" src=\"https:\/\/pacte-grand-sud.nc\/ccce\/wp-content\/uploads\/2025\/01\/Assemblee-presente-lors-de-lAG-1024x768.jpg\" alt=\"\" class=\"wp-image-3442\" srcset=\"https:\/\/pacte-grand-sud.nc\/ccce\/wp-content\/uploads\/2025\/01\/Assemblee-presente-lors-de-lAG-1024x768.jpg 1024w, https:\/\/pacte-grand-sud.nc\/ccce\/wp-content\/uploads\/2025\/01\/Assemblee-presente-lors-de-lAG-300x225.jpg 300w, https:\/\/pacte-grand-sud.nc\/ccce\/wp-content\/uploads\/2025\/01\/Assemblee-presente-lors-de-lAG-768x576.jpg 768w, https:\/\/pacte-grand-sud.nc\/ccce\/wp-content\/uploads\/2025\/01\/Assemblee-presente-lors-de-lAG.jpg 1200w\" sizes=\"auto, (max-width: 1024px) 100vw, 1024px\" \/><\/figure>\n<\/figure>\n\n\n\n<ul class=\"wp-block-list\">\n<li>Pr\u00e9sentation et approbation du bilan moral du CCCE pour l\u2019exercice 2023<\/li>\n\n\n\n<li>Pr\u00e9sentation du bilan comptable de l\u2019exercice 2023 par le commissaire au compte BDO<\/li>\n\n\n\n<li>Pr\u00e9sentation et validation de la synth\u00e8se des suivis environnementaux 2023 de PRNC et lancement des tourn\u00e9es d\u2019information dans les tribus<\/li>\n\n\n\n<li>Information sur les r\u00e9unions pl\u00e9ni\u00e8res du CCDK du 7 et 29 novembre 2024&nbsp;: r\u00e9solutions du CCCE<\/li>\n<\/ul>\n\n\n\n<p>9 membres de droit sur 12 et 12 conseillers sur 15 \u00e9taient pr\u00e9sents ainsi que 2 membres observateurs de Prony Resources.<\/p>\n","protected":false},"excerpt":{"rendered":"<p>Le CCCE a tenu son unique Assembl\u00e9e G\u00e9n\u00e9rale mixte pour l\u2019ann\u00e9e 2024 \u00e0 la maison commune du Pic aux ch\u00e8vres \u00e0 Dumb\u00e9a, le mardi 17 d\u00e9cembre 2024 durant laquelle les membres de droit et les conseillers ont approuv\u00e9 les points suivants&nbsp;: 9 membres de droit sur 12 et 12 conseillers sur 15 \u00e9taient pr\u00e9sents ainsi &#8230; <a title=\"Assembl\u00e9e g\u00e9n\u00e9rale du 17 d\u00e9cembre 2024\" class=\"read-more\" href=\"https:\/\/pacte-grand-sud.nc\/ccce\/actualites\/assemblee-generale-du-17-decembre-2024\/\" aria-label=\"En savoir plus sur Assembl\u00e9e g\u00e9n\u00e9rale du 17 d\u00e9cembre 2024\">Lire plus<\/a><\/p>\n","protected":false},"author":3,"featured_media":3442,"comment_status":"closed","ping_status":"closed","sticky":false,"template":"","format":"standard","meta":{"_acf_changed":false,"footnotes":""},"categories":[8],"tags":[],"class_list":["post-3438","post","type-post","status-publish","format-standard","has-post-thumbnail","hentry","category-actualites"],"acf":[],"_links":{"self":[{"href":"https:\/\/pacte-grand-sud.nc\/ccce\/wp-json\/wp\/v2\/posts\/3438","targetHints":{"allow":["GET"]}}],"collection":[{"href":"https:\/\/pacte-grand-sud.nc\/ccce\/wp-json\/wp\/v2\/posts"}],"about":[{"href":"https:\/\/pacte-grand-sud.nc\/ccce\/wp-json\/wp\/v2\/types\/post"}],"author":[{"embeddable":true,"href":"https:\/\/pacte-grand-sud.nc\/ccce\/wp-json\/wp\/v2\/users\/3"}],"replies":[{"embeddable":true,"href":"https:\/\/pacte-grand-sud.nc\/ccce\/wp-json\/wp\/v2\/comments?post=3438"}],"version-history":[{"count":1,"href":"https:\/\/pacte-grand-sud.nc\/ccce\/wp-json\/wp\/v2\/posts\/3438\/revisions"}],"predecessor-version":[{"id":3444,"href":"https:\/\/pacte-grand-sud.nc\/ccce\/wp-json\/wp\/v2\/posts\/3438\/revisions\/3444"}],"wp:featuredmedia":[{"embeddable":true,"href":"https:\/\/pacte-grand-sud.nc\/ccce\/wp-json\/wp\/v2\/media\/3442"}],"wp:attachment":[{"href":"https:\/\/pacte-grand-sud.nc\/ccce\/wp-json\/wp\/v2\/media?parent=3438"}],"wp:term":[{"taxonomy":"category","embeddable":true,"href":"https:\/\/pacte-grand-sud.nc\/ccce\/wp-json\/wp\/v2\/categories?post=3438"},{"taxonomy":"post_tag","embeddable":true,"href":"https:\/\/pacte-grand-sud.nc\/ccce\/wp-json\/wp\/v2\/tags?post=3438"}],"curies":[{"name":"wp","href":"https:\/\/api.w.org\/{rel}","templated":true}]}}