{"id":3462,"date":"2025-03-26T08:42:19","date_gmt":"2025-03-25T21:42:19","guid":{"rendered":"https:\/\/pacte-grand-sud.nc\/ccce\/?p=3462"},"modified":"2025-03-28T09:00:01","modified_gmt":"2025-03-27T22:00:01","slug":"rapport-de-surveillance-mensuel-du-parc-a-residu-ko2","status":"publish","type":"post","link":"https:\/\/pacte-grand-sud.nc\/ccce\/actualites\/rapport-de-surveillance-mensuel-du-parc-a-residu-ko2\/","title":{"rendered":"Rapport de surveillance mensuel Janvier 2025 du Parc \u00e0 r\u00e9sidu (KO2)"},"content":{"rendered":"\n<p>Le 19 mars, la Province Sud \u00e0 relayer sur sa plateforme internet, un rapport de surveillance mensuel du Parc \u00e0 r\u00e9sidu (KO2) en date de janvier 2025. Vous pouvez trouver ce rapport disponible en libre acc\u00e8s et t\u00e9l\u00e9chargeable en PDF via notre onglet \u00ab&nbsp;Publication&nbsp;\u00bb de notre site internet. Cliquez <a target=\"_blank\" href=\"https:\/\/pacte-grand-sud.nc\/ccce\/wp-content\/uploads\/2025\/03\/Rapport-Suivi-du-Parc-a-residu-KO2.pdf\">ICI<\/a> pour y acc\u00e9der.&nbsp;<\/p>\n\n\n\n<p>L\u2019\u00e9quipe du CCCE se tient \u00e0 votre disposition au besoin,<\/p>\n\n\n\n<p>Bonne lecture,<\/p>\n\n\n\n<p>L\u2019\u00e9quipe du CCCE<\/p>\n\n\n\n<p><\/p>\n","protected":false},"excerpt":{"rendered":"<p>Le 19 mars, la Province Sud \u00e0 relayer sur sa plateforme internet, un rapport de surveillance mensuel du Parc \u00e0 r\u00e9sidu (KO2) en date de janvier 2025. Vous pouvez trouver ce rapport disponible en libre acc\u00e8s et t\u00e9l\u00e9chargeable en PDF via notre onglet \u00ab&nbsp;Publication&nbsp;\u00bb de notre site internet. Cliquez ICI pour y acc\u00e9der.&nbsp; L\u2019\u00e9quipe du &#8230; <a title=\"Rapport de surveillance mensuel Janvier 2025 du Parc \u00e0 r\u00e9sidu (KO2)\" class=\"read-more\" href=\"https:\/\/pacte-grand-sud.nc\/ccce\/actualites\/rapport-de-surveillance-mensuel-du-parc-a-residu-ko2\/\" aria-label=\"En savoir plus sur Rapport de surveillance mensuel Janvier 2025 du Parc \u00e0 r\u00e9sidu (KO2)\">Lire plus<\/a><\/p>\n","protected":false},"author":1,"featured_media":3475,"comment_status":"closed","ping_status":"closed","sticky":false,"template":"","format":"standard","meta":{"_acf_changed":false,"footnotes":""},"categories":[8,9],"tags":[],"class_list":["post-3462","post","type-post","status-publish","format-standard","has-post-thumbnail","hentry","category-actualites","category-etudes"],"acf":{"info_etude":{"realisation":"Prony Resources","financeur":"","telechargement":3467}},"_links":{"self":[{"href":"https:\/\/pacte-grand-sud.nc\/ccce\/wp-json\/wp\/v2\/posts\/3462","targetHints":{"allow":["GET"]}}],"collection":[{"href":"https:\/\/pacte-grand-sud.nc\/ccce\/wp-json\/wp\/v2\/posts"}],"about":[{"href":"https:\/\/pacte-grand-sud.nc\/ccce\/wp-json\/wp\/v2\/types\/post"}],"author":[{"embeddable":true,"href":"https:\/\/pacte-grand-sud.nc\/ccce\/wp-json\/wp\/v2\/users\/1"}],"replies":[{"embeddable":true,"href":"https:\/\/pacte-grand-sud.nc\/ccce\/wp-json\/wp\/v2\/comments?post=3462"}],"version-history":[{"count":8,"href":"https:\/\/pacte-grand-sud.nc\/ccce\/wp-json\/wp\/v2\/posts\/3462\/revisions"}],"predecessor-version":[{"id":3474,"href":"https:\/\/pacte-grand-sud.nc\/ccce\/wp-json\/wp\/v2\/posts\/3462\/revisions\/3474"}],"wp:featuredmedia":[{"embeddable":true,"href":"https:\/\/pacte-grand-sud.nc\/ccce\/wp-json\/wp\/v2\/media\/3475"}],"wp:attachment":[{"href":"https:\/\/pacte-grand-sud.nc\/ccce\/wp-json\/wp\/v2\/media?parent=3462"}],"wp:term":[{"taxonomy":"category","embeddable":true,"href":"https:\/\/pacte-grand-sud.nc\/ccce\/wp-json\/wp\/v2\/categories?post=3462"},{"taxonomy":"post_tag","embeddable":true,"href":"https:\/\/pacte-grand-sud.nc\/ccce\/wp-json\/wp\/v2\/tags?post=3462"}],"curies":[{"name":"wp","href":"https:\/\/api.w.org\/{rel}","templated":true}]}}