{"id":3477,"date":"2025-04-09T11:16:49","date_gmt":"2025-04-09T00:16:49","guid":{"rendered":"https:\/\/pacte-grand-sud.nc\/ccce\/?p=3477"},"modified":"2025-04-09T11:49:43","modified_gmt":"2025-04-09T00:49:43","slug":"conseil-du-comite-consultatif-coutumier-environnemental","status":"publish","type":"post","link":"https:\/\/pacte-grand-sud.nc\/ccce\/actualites\/conseil-du-comite-consultatif-coutumier-environnemental\/","title":{"rendered":"Conseil du Comit\u00e9 Consultatif Coutumier environnemental"},"content":{"rendered":"\n<p>Le CCCE a tenu son premier Conseil de 2025 avec ses membres, le jeudi 27 mars \u00e0 la maison commune au\u00a0\u00ab\u00a0Pic aux ch\u00e8vres\u00a0\u00bb sur Koutio. 13 conseillers sur les 15 ont assist\u00e9 \u00e0 cette r\u00e9union, r\u00e9unissant ainsi le quorum pour tenir ce Conseil.<br>Les 2 conseillers observateurs de PRNC \u00e9taient aussi pr\u00e9sents lors de cette demi-journ\u00e9e.<\/p>\n\n\n\n<div class=\"wp-block-columns is-layout-flex wp-container-core-columns-is-layout-9d6595d7 wp-block-columns-is-layout-flex\">\n<div class=\"wp-block-column is-layout-flow wp-block-column-is-layout-flow\">\n<figure class=\"wp-block-image size-large\"><img loading=\"lazy\" decoding=\"async\" width=\"1024\" height=\"768\" src=\"https:\/\/pacte-grand-sud.nc\/ccce\/wp-content\/uploads\/2025\/04\/20250327_130402-1-1024x768.jpg\" alt=\"\" class=\"wp-image-3483\" srcset=\"https:\/\/pacte-grand-sud.nc\/ccce\/wp-content\/uploads\/2025\/04\/20250327_130402-1-1024x768.jpg 1024w, https:\/\/pacte-grand-sud.nc\/ccce\/wp-content\/uploads\/2025\/04\/20250327_130402-1-300x225.jpg 300w, https:\/\/pacte-grand-sud.nc\/ccce\/wp-content\/uploads\/2025\/04\/20250327_130402-1-768x576.jpg 768w, https:\/\/pacte-grand-sud.nc\/ccce\/wp-content\/uploads\/2025\/04\/20250327_130402-1-1536x1152.jpg 1536w, https:\/\/pacte-grand-sud.nc\/ccce\/wp-content\/uploads\/2025\/04\/20250327_130402-1-2048x1536.jpg 2048w\" sizes=\"auto, (max-width: 1024px) 100vw, 1024px\" \/><\/figure>\n<\/div>\n\n\n\n<div class=\"wp-block-column is-layout-flow wp-block-column-is-layout-flow\">\n<figure class=\"wp-block-image size-large\"><img loading=\"lazy\" decoding=\"async\" width=\"1024\" height=\"768\" src=\"https:\/\/pacte-grand-sud.nc\/ccce\/wp-content\/uploads\/2025\/04\/20250327_104045-1024x768.jpg\" alt=\"\" class=\"wp-image-3484\" srcset=\"https:\/\/pacte-grand-sud.nc\/ccce\/wp-content\/uploads\/2025\/04\/20250327_104045-1024x768.jpg 1024w, https:\/\/pacte-grand-sud.nc\/ccce\/wp-content\/uploads\/2025\/04\/20250327_104045-300x225.jpg 300w, https:\/\/pacte-grand-sud.nc\/ccce\/wp-content\/uploads\/2025\/04\/20250327_104045-768x576.jpg 768w, https:\/\/pacte-grand-sud.nc\/ccce\/wp-content\/uploads\/2025\/04\/20250327_104045-1536x1152.jpg 1536w, https:\/\/pacte-grand-sud.nc\/ccce\/wp-content\/uploads\/2025\/04\/20250327_104045-2048x1536.jpg 2048w\" sizes=\"auto, (max-width: 1024px) 100vw, 1024px\" \/><\/figure>\n<\/div>\n<\/div>\n\n\n\n<p>Les sujets suivants ont pu \u00eatre abord\u00e9s&nbsp;:<\/p>\n\n\n\n<ol class=\"wp-block-list\">\n<li>Emargement de la liste des pr\u00e9sents et v\u00e9rification du quorum ;<\/li>\n\n\n\n<li>Pr\u00e9sentation des objectifs et missions du CCCE pour 2025 ;<\/li>\n\n\n\n<li>Point de situation des \u00e9tudes financ\u00e9es en 2024 avec l\u2019OEIL ;<\/li>\n\n\n\n<li>Organisation de la journ\u00e9e de l\u2019Environnement (5 juin 2025) :<br>Projet du coll\u00e8ge de Yat\u00e9 nomm\u00e9 \u00ab Les tr\u00e9sors end\u00e9miques de Yat\u00e9 \u00bb ;<\/li>\n\n\n\n<li>Emissaire marin : Projet de r\u00e9actualisation du film de 2019 ;<\/li>\n\n\n\n<li>Questions diverses<\/li>\n<\/ol>\n\n\n\n<p>&nbsp; La s\u00e9ance a d\u00e9but\u00e9 vers 9h et s\u2019est achev\u00e9e aux environs de 13h.<\/p>\n\n\n<div class=\"gb-container gb-container-a65745f2\">\n\n<div class=\"wp-block-columns is-layout-flex wp-container-core-columns-is-layout-9d6595d7 wp-block-columns-is-layout-flex\">\n<div class=\"wp-block-column is-layout-flow wp-block-column-is-layout-flow\">\n<figure class=\"wp-block-image size-large\"><img loading=\"lazy\" decoding=\"async\" width=\"1024\" height=\"768\" src=\"https:\/\/pacte-grand-sud.nc\/ccce\/wp-content\/uploads\/2025\/04\/20250327_091225-1024x768.jpg\" alt=\"\" class=\"wp-image-3485\" srcset=\"https:\/\/pacte-grand-sud.nc\/ccce\/wp-content\/uploads\/2025\/04\/20250327_091225-1024x768.jpg 1024w, https:\/\/pacte-grand-sud.nc\/ccce\/wp-content\/uploads\/2025\/04\/20250327_091225-300x225.jpg 300w, https:\/\/pacte-grand-sud.nc\/ccce\/wp-content\/uploads\/2025\/04\/20250327_091225-768x576.jpg 768w, https:\/\/pacte-grand-sud.nc\/ccce\/wp-content\/uploads\/2025\/04\/20250327_091225-1536x1152.jpg 1536w, https:\/\/pacte-grand-sud.nc\/ccce\/wp-content\/uploads\/2025\/04\/20250327_091225-2048x1536.jpg 2048w\" sizes=\"auto, (max-width: 1024px) 100vw, 1024px\" \/><\/figure>\n<\/div>\n\n\n\n<div class=\"wp-block-column is-layout-flow wp-block-column-is-layout-flow\">\n<figure class=\"wp-block-image size-large\"><img loading=\"lazy\" decoding=\"async\" width=\"768\" height=\"1024\" src=\"https:\/\/pacte-grand-sud.nc\/ccce\/wp-content\/uploads\/2025\/04\/20250327_091512-768x1024.jpg\" alt=\"\" class=\"wp-image-3486\" srcset=\"https:\/\/pacte-grand-sud.nc\/ccce\/wp-content\/uploads\/2025\/04\/20250327_091512-768x1024.jpg 768w, https:\/\/pacte-grand-sud.nc\/ccce\/wp-content\/uploads\/2025\/04\/20250327_091512-225x300.jpg 225w, https:\/\/pacte-grand-sud.nc\/ccce\/wp-content\/uploads\/2025\/04\/20250327_091512-1152x1536.jpg 1152w, https:\/\/pacte-grand-sud.nc\/ccce\/wp-content\/uploads\/2025\/04\/20250327_091512-1536x2048.jpg 1536w, https:\/\/pacte-grand-sud.nc\/ccce\/wp-content\/uploads\/2025\/04\/20250327_091512-scaled.jpg 1920w\" sizes=\"auto, (max-width: 768px) 100vw, 768px\" \/><\/figure>\n<\/div>\n<\/div>\n\n<\/div>","protected":false},"excerpt":{"rendered":"<p>Le CCCE a tenu son premier Conseil de 2025 avec ses membres, le jeudi 27 mars \u00e0 la maison commune au\u00a0\u00ab\u00a0Pic aux ch\u00e8vres\u00a0\u00bb sur Koutio. 13 conseillers sur les 15 ont assist\u00e9 \u00e0 cette r\u00e9union, r\u00e9unissant ainsi le quorum pour tenir ce Conseil.Les 2 conseillers observateurs de PRNC \u00e9taient aussi pr\u00e9sents lors de cette demi-journ\u00e9e. &#8230; <a title=\"Conseil du Comit\u00e9 Consultatif Coutumier environnemental\" class=\"read-more\" href=\"https:\/\/pacte-grand-sud.nc\/ccce\/actualites\/conseil-du-comite-consultatif-coutumier-environnemental\/\" aria-label=\"En savoir plus sur Conseil du Comit\u00e9 Consultatif Coutumier environnemental\">Lire plus<\/a><\/p>\n","protected":false},"author":1,"featured_media":3485,"comment_status":"closed","ping_status":"closed","sticky":false,"template":"","format":"standard","meta":{"_acf_changed":false,"footnotes":""},"categories":[8],"tags":[],"class_list":["post-3477","post","type-post","status-publish","format-standard","has-post-thumbnail","hentry","category-actualites"],"acf":[],"_links":{"self":[{"href":"https:\/\/pacte-grand-sud.nc\/ccce\/wp-json\/wp\/v2\/posts\/3477","targetHints":{"allow":["GET"]}}],"collection":[{"href":"https:\/\/pacte-grand-sud.nc\/ccce\/wp-json\/wp\/v2\/posts"}],"about":[{"href":"https:\/\/pacte-grand-sud.nc\/ccce\/wp-json\/wp\/v2\/types\/post"}],"author":[{"embeddable":true,"href":"https:\/\/pacte-grand-sud.nc\/ccce\/wp-json\/wp\/v2\/users\/1"}],"replies":[{"embeddable":true,"href":"https:\/\/pacte-grand-sud.nc\/ccce\/wp-json\/wp\/v2\/comments?post=3477"}],"version-history":[{"count":7,"href":"https:\/\/pacte-grand-sud.nc\/ccce\/wp-json\/wp\/v2\/posts\/3477\/revisions"}],"predecessor-version":[{"id":3492,"href":"https:\/\/pacte-grand-sud.nc\/ccce\/wp-json\/wp\/v2\/posts\/3477\/revisions\/3492"}],"wp:featuredmedia":[{"embeddable":true,"href":"https:\/\/pacte-grand-sud.nc\/ccce\/wp-json\/wp\/v2\/media\/3485"}],"wp:attachment":[{"href":"https:\/\/pacte-grand-sud.nc\/ccce\/wp-json\/wp\/v2\/media?parent=3477"}],"wp:term":[{"taxonomy":"category","embeddable":true,"href":"https:\/\/pacte-grand-sud.nc\/ccce\/wp-json\/wp\/v2\/categories?post=3477"},{"taxonomy":"post_tag","embeddable":true,"href":"https:\/\/pacte-grand-sud.nc\/ccce\/wp-json\/wp\/v2\/tags?post=3477"}],"curies":[{"name":"wp","href":"https:\/\/api.w.org\/{rel}","templated":true}]}}