{"id":3523,"date":"2025-07-16T14:14:33","date_gmt":"2025-07-16T03:14:33","guid":{"rendered":"https:\/\/pacte-grand-sud.nc\/ccce\/?p=3523"},"modified":"2025-07-16T14:20:58","modified_gmt":"2025-07-16T03:20:58","slug":"defrichage-controverse-a-la-tribu-de-touaourou-yate","status":"publish","type":"post","link":"https:\/\/pacte-grand-sud.nc\/ccce\/flash-info\/defrichage-controverse-a-la-tribu-de-touaourou-yate\/","title":{"rendered":"D\u00e9frichage controvers\u00e9 \u00e0 la tribu de Touaourou, YATE"},"content":{"rendered":"\n<p>Le Comit\u00e9 Consultatif Coutumier Environnemental a constat\u00e9 le jeudi 03 juillet 2025 le d\u00e9boisement dans une for\u00eat dense, humide \u00e0 la tribu de Touaourou Yat\u00e9, au lieu dit \u201cSaint-Gabriel\u201d.<\/p>\n\n\n\n<p>Apr\u00e8s investigation, ces travaux de d\u00e9frichement se sont r\u00e9alis\u00e9s dans le cadre d\u2019un raccordement \u00e9lectrique (Enercal) de l\u2019antenne OPT situ\u00e9 en amont sur la mine orpheline.<\/p>\n\n\n\n<p>Ces travaux ont \u00e9t\u00e9 bloqu\u00e9s par les autorit\u00e9s coutumi\u00e8res de Touaourou pour faire un point de situation.<\/p>\n\n\n\n<p>Le CCCE a envoy\u00e9 des courriers de m\u00e9contentements aux directions g\u00e9n\u00e9rale d\u2019Enercal et de l\u2019OPT ainsi qu\u2019\u00e0 la mairie de Yat\u00e9.<\/p>\n\n\n\n<p>La Direction du D\u00e9veloppement Durable des Territoire de la Province-Sud (DDDT) service des impacts est sollicit\u00e9e au nom du CCCE afin de constater le d\u00e9frichage et d\u00e9crire les mesures compensatoires \u00e0 mettre en place dans le cadre d\u2019un d\u00e9frichement en for\u00eat sans \u00e9tude d\u2019impact pr\u00e9alabe.<\/p>\n\n\n\n<p>Un balisage a \u00e9t\u00e9 fait le jeudi 10 juillet sur le site afin d\u2019interdire l\u2019acc\u00e8s \u00e0 la zone, la coupe de bois, le ramassage de produits forestiers et pour garantir la r\u00e9g\u00e9n\u00e9ration de la for\u00eat face \u00e0 la propagation des esp\u00e8ces envahissantes.<\/p>\n\n\n\n<p>Un expert botaniste sera mandat\u00e9e par la DDDT en concertation avec l\u2019autorit\u00e9 coutumi\u00e8re pour l\u2019identification des esp\u00e8ces impact\u00e9es.<\/p>\n\n\n\n<p>Il est important de rappeler que le Code de l\u2019environnement de la Provinc-Sud peut s\u2019appliquer sur terres coutumi\u00e8res. Le lien suivant permet d\u2019obtenir toute les informations et d\u00e9marche \u00e0 suivre en cas de d\u00e9frichement : <a href=\"https:\/\/www.province-sud.nc\/catweb\/app\/demarches\/autorisation-de-defrichement%20\">https:\/\/www.province-sud.nc\/catweb\/app\/demarches\/autorisation-de-defrichement<\/a><\/p>\n\n\n\n<p>Un rapport sera \u00e9tabli par la DDDT aux op\u00e9rateurs Enercal et OPT pour la compensation \u00e0 appliquer sous peine de sanctions.<\/p>\n\n\n\n<p>Le CCCE suivra ce dossier pour faire un \u00e9tat d\u2019avancement aupr\u00e8s des coutumiers.<\/p>\n\n\n\n<figure class=\"wp-block-gallery has-nested-images columns-default is-cropped wp-block-gallery-1 is-layout-flex wp-block-gallery-is-layout-flex\">\n<figure class=\"wp-block-image size-large\"><img loading=\"lazy\" decoding=\"async\" width=\"376\" height=\"336\" data-id=\"3527\" src=\"https:\/\/pacte-grand-sud.nc\/ccce\/wp-content\/uploads\/2025\/07\/Image1.png\" alt=\"\" class=\"wp-image-3527\" srcset=\"https:\/\/pacte-grand-sud.nc\/ccce\/wp-content\/uploads\/2025\/07\/Image1.png 376w, https:\/\/pacte-grand-sud.nc\/ccce\/wp-content\/uploads\/2025\/07\/Image1-300x268.png 300w\" sizes=\"auto, (max-width: 376px) 100vw, 376px\" \/><\/figure>\n\n\n\n<figure class=\"wp-block-image size-large\"><img loading=\"lazy\" decoding=\"async\" width=\"353\" height=\"331\" data-id=\"3529\" src=\"https:\/\/pacte-grand-sud.nc\/ccce\/wp-content\/uploads\/2025\/07\/Image2-1.png\" alt=\"\" class=\"wp-image-3529\" srcset=\"https:\/\/pacte-grand-sud.nc\/ccce\/wp-content\/uploads\/2025\/07\/Image2-1.png 353w, https:\/\/pacte-grand-sud.nc\/ccce\/wp-content\/uploads\/2025\/07\/Image2-1-300x281.png 300w\" sizes=\"auto, (max-width: 353px) 100vw, 353px\" \/><\/figure>\n<\/figure>\n\n\n\n<figure class=\"wp-block-gallery has-nested-images columns-default is-cropped wp-block-gallery-2 is-layout-flex wp-block-gallery-is-layout-flex\">\n<figure class=\"wp-block-image size-large is-resized\"><img loading=\"lazy\" decoding=\"async\" width=\"315\" height=\"420\" data-id=\"3534\" src=\"https:\/\/pacte-grand-sud.nc\/ccce\/wp-content\/uploads\/2025\/07\/Image3-1.jpg\" alt=\"\" class=\"wp-image-3534\" style=\"width:382px;height:auto\" srcset=\"https:\/\/pacte-grand-sud.nc\/ccce\/wp-content\/uploads\/2025\/07\/Image3-1.jpg 315w, https:\/\/pacte-grand-sud.nc\/ccce\/wp-content\/uploads\/2025\/07\/Image3-1-225x300.jpg 225w\" sizes=\"auto, (max-width: 315px) 100vw, 315px\" \/><\/figure>\n\n\n\n<figure class=\"wp-block-image size-large\"><img loading=\"lazy\" decoding=\"async\" width=\"315\" height=\"420\" data-id=\"3536\" src=\"https:\/\/pacte-grand-sud.nc\/ccce\/wp-content\/uploads\/2025\/07\/Image4-2.jpg\" alt=\"\" class=\"wp-image-3536\" srcset=\"https:\/\/pacte-grand-sud.nc\/ccce\/wp-content\/uploads\/2025\/07\/Image4-2.jpg 315w, https:\/\/pacte-grand-sud.nc\/ccce\/wp-content\/uploads\/2025\/07\/Image4-2-225x300.jpg 225w\" sizes=\"auto, (max-width: 315px) 100vw, 315px\" \/><\/figure>\n<\/figure>\n\n\n\n<p class=\"has-text-align-center\">Balise de la zone d\u00e9frich\u00e9e<\/p>\n\n\n\n<figure class=\"wp-block-image size-full is-resized\"><img loading=\"lazy\" decoding=\"async\" width=\"640\" height=\"418\" src=\"https:\/\/pacte-grand-sud.nc\/ccce\/wp-content\/uploads\/2025\/07\/Image5.png\" alt=\"\" class=\"wp-image-3539\" style=\"width:760px;height:auto\" srcset=\"https:\/\/pacte-grand-sud.nc\/ccce\/wp-content\/uploads\/2025\/07\/Image5.png 640w, https:\/\/pacte-grand-sud.nc\/ccce\/wp-content\/uploads\/2025\/07\/Image5-300x196.png 300w\" sizes=\"auto, (max-width: 640px) 100vw, 640px\" \/><\/figure>\n","protected":false},"excerpt":{"rendered":"<p>Le Comit\u00e9 Consultatif Coutumier Environnemental a constat\u00e9 le jeudi 03 juillet 2025 le d\u00e9boisement dans une for\u00eat dense, humide \u00e0 la tribu de Touaourou Yat\u00e9, au lieu dit \u201cSaint-Gabriel\u201d. Apr\u00e8s investigation, ces travaux de d\u00e9frichement se sont r\u00e9alis\u00e9s dans le cadre d\u2019un raccordement \u00e9lectrique (Enercal) de l\u2019antenne OPT situ\u00e9 en amont sur la mine orpheline. &#8230; <a title=\"D\u00e9frichage controvers\u00e9 \u00e0 la tribu de Touaourou, YATE\" class=\"read-more\" href=\"https:\/\/pacte-grand-sud.nc\/ccce\/flash-info\/defrichage-controverse-a-la-tribu-de-touaourou-yate\/\" aria-label=\"En savoir plus sur D\u00e9frichage controvers\u00e9 \u00e0 la tribu de Touaourou, YATE\">Lire plus<\/a><\/p>\n","protected":false},"author":1,"featured_media":3539,"comment_status":"closed","ping_status":"closed","sticky":false,"template":"","format":"standard","meta":{"_acf_changed":false,"footnotes":""},"categories":[13],"tags":[],"class_list":["post-3523","post","type-post","status-publish","format-standard","has-post-thumbnail","hentry","category-flash-info"],"acf":[],"_links":{"self":[{"href":"https:\/\/pacte-grand-sud.nc\/ccce\/wp-json\/wp\/v2\/posts\/3523","targetHints":{"allow":["GET"]}}],"collection":[{"href":"https:\/\/pacte-grand-sud.nc\/ccce\/wp-json\/wp\/v2\/posts"}],"about":[{"href":"https:\/\/pacte-grand-sud.nc\/ccce\/wp-json\/wp\/v2\/types\/post"}],"author":[{"embeddable":true,"href":"https:\/\/pacte-grand-sud.nc\/ccce\/wp-json\/wp\/v2\/users\/1"}],"replies":[{"embeddable":true,"href":"https:\/\/pacte-grand-sud.nc\/ccce\/wp-json\/wp\/v2\/comments?post=3523"}],"version-history":[{"count":4,"href":"https:\/\/pacte-grand-sud.nc\/ccce\/wp-json\/wp\/v2\/posts\/3523\/revisions"}],"predecessor-version":[{"id":3540,"href":"https:\/\/pacte-grand-sud.nc\/ccce\/wp-json\/wp\/v2\/posts\/3523\/revisions\/3540"}],"wp:featuredmedia":[{"embeddable":true,"href":"https:\/\/pacte-grand-sud.nc\/ccce\/wp-json\/wp\/v2\/media\/3539"}],"wp:attachment":[{"href":"https:\/\/pacte-grand-sud.nc\/ccce\/wp-json\/wp\/v2\/media?parent=3523"}],"wp:term":[{"taxonomy":"category","embeddable":true,"href":"https:\/\/pacte-grand-sud.nc\/ccce\/wp-json\/wp\/v2\/categories?post=3523"},{"taxonomy":"post_tag","embeddable":true,"href":"https:\/\/pacte-grand-sud.nc\/ccce\/wp-json\/wp\/v2\/tags?post=3523"}],"curies":[{"name":"wp","href":"https:\/\/api.w.org\/{rel}","templated":true}]}}