{"id":3524,"date":"2025-07-16T14:30:31","date_gmt":"2025-07-16T03:30:31","guid":{"rendered":"https:\/\/pacte-grand-sud.nc\/ccce\/?p=3524"},"modified":"2025-07-16T14:31:50","modified_gmt":"2025-07-16T03:31:50","slug":"fete-des-produits-de-yate-2025","status":"publish","type":"post","link":"https:\/\/pacte-grand-sud.nc\/ccce\/actualites\/fete-des-produits-de-yate-2025\/","title":{"rendered":"F\u00eate des Produits de Yat\u00e9 2025"},"content":{"rendered":"\n<p>La F\u00eate des Produits de Yat\u00e9 s\u2019est tenue le samedi 21 juin et dimanche 22 juin 2025 \u00e0 la tribu de Waho \u00e0 YATE.<\/p>\n\n\n\n<p>Les structures du Pacte dont La Fondation X\u00e9r\u00e8 PRNC, l\u2019Association pour le Reboisement du Grand Sud et le Comit\u00e9 Consultatif Coutumier Environnemental sont pr\u00e9sents \u00e0 cet \u00e9v\u00e8nement pour r\u00e9pondre aux questions et besoins de la population de Yat\u00e9 ainsi que les visiteurs.<\/p>\n\n\n\n<p>Le Comit\u00e9 Consultatif Coutumier Environnemental a tenu un stand d\u2019information pour r\u00e9pondre \u00e0 l\u2019actualit\u00e9 du moment telle que le projet d\u2019optimisation de l\u2019\u00e9missaire main de PRNC, les poissons morts \u00e0 Waho mais aussi pour rappeler nos missions et partager avec les populations le bilan environnemental de PRNC de 2023.<\/p>\n\n\n\n<p>Une trentaine de personnes ont pu participer au Quizz du CCCE, r\u00e9alis\u00e9 par notre stagiaire OUETCHO Tchopoa (en terminale, gestion des pollutions et protection de l\u2019environnement, lyc\u00e9e du Mont-Dore). Ils ont pu tester leur connaissance de la structure et du suivi environnemental r\u00e9alis\u00e9 par PRNC. Un atelier est \u00e9galement anim\u00e9 par notre technicienne Victoria concernant l\u2019\u00e9rosion du sol.<\/p>\n\n\n\n<p>Un bon moment de partage et surtout de proximit\u00e9 avec nos populations Drub\u00e9a-Kapum\u00eb.<\/p>\n\n\n\n<p>Retour en images sur ce week-end.<\/p>\n\n\n\n<figure class=\"wp-block-gallery has-nested-images columns-default is-cropped wp-block-gallery-1 is-layout-flex wp-block-gallery-is-layout-flex\">\n<figure class=\"wp-block-image size-large\"><img loading=\"lazy\" decoding=\"async\" width=\"775\" height=\"721\" data-id=\"3541\" src=\"https:\/\/pacte-grand-sud.nc\/ccce\/wp-content\/uploads\/2025\/07\/Image6.jpg\" alt=\"\" class=\"wp-image-3541\" srcset=\"https:\/\/pacte-grand-sud.nc\/ccce\/wp-content\/uploads\/2025\/07\/Image6.jpg 775w, https:\/\/pacte-grand-sud.nc\/ccce\/wp-content\/uploads\/2025\/07\/Image6-300x279.jpg 300w, https:\/\/pacte-grand-sud.nc\/ccce\/wp-content\/uploads\/2025\/07\/Image6-768x714.jpg 768w\" sizes=\"auto, (max-width: 775px) 100vw, 775px\" \/><\/figure>\n<\/figure>\n\n\n\n<p>Stand du pacte : Fondation X\u00e9r\u00e8, CCCE et ARGS    <\/p>\n\n\n\n<figure class=\"wp-block-image size-full is-resized\"><img loading=\"lazy\" decoding=\"async\" width=\"726\" height=\"916\" src=\"https:\/\/pacte-grand-sud.nc\/ccce\/wp-content\/uploads\/2025\/07\/Image7.jpg\" alt=\"\" class=\"wp-image-3542\" style=\"width:760px;height:auto\" srcset=\"https:\/\/pacte-grand-sud.nc\/ccce\/wp-content\/uploads\/2025\/07\/Image7.jpg 726w, https:\/\/pacte-grand-sud.nc\/ccce\/wp-content\/uploads\/2025\/07\/Image7-238x300.jpg 238w\" sizes=\"auto, (max-width: 726px) 100vw, 726px\" \/><\/figure>\n\n\n\n<p>Remise du lot \u00e0 notre gagnante du quizz par Victoria<\/p>\n\n\n\n<figure class=\"wp-block-image size-full\"><img loading=\"lazy\" decoding=\"async\" width=\"777\" height=\"699\" src=\"https:\/\/pacte-grand-sud.nc\/ccce\/wp-content\/uploads\/2025\/07\/Image8.jpg\" alt=\"\" class=\"wp-image-3545\" srcset=\"https:\/\/pacte-grand-sud.nc\/ccce\/wp-content\/uploads\/2025\/07\/Image8.jpg 777w, https:\/\/pacte-grand-sud.nc\/ccce\/wp-content\/uploads\/2025\/07\/Image8-300x270.jpg 300w, https:\/\/pacte-grand-sud.nc\/ccce\/wp-content\/uploads\/2025\/07\/Image8-768x691.jpg 768w\" sizes=\"auto, (max-width: 777px) 100vw, 777px\" \/><\/figure>\n","protected":false},"excerpt":{"rendered":"<p>La F\u00eate des Produits de Yat\u00e9 s\u2019est tenue le samedi 21 juin et dimanche 22 juin 2025 \u00e0 la tribu de Waho \u00e0 YATE. Les structures du Pacte dont La Fondation X\u00e9r\u00e8 PRNC, l\u2019Association pour le Reboisement du Grand Sud et le Comit\u00e9 Consultatif Coutumier Environnemental sont pr\u00e9sents \u00e0 cet \u00e9v\u00e8nement pour r\u00e9pondre aux questions &#8230; <a title=\"F\u00eate des Produits de Yat\u00e9 2025\" class=\"read-more\" href=\"https:\/\/pacte-grand-sud.nc\/ccce\/actualites\/fete-des-produits-de-yate-2025\/\" aria-label=\"En savoir plus sur F\u00eate des Produits de Yat\u00e9 2025\">Lire plus<\/a><\/p>\n","protected":false},"author":1,"featured_media":3541,"comment_status":"closed","ping_status":"closed","sticky":false,"template":"","format":"standard","meta":{"_acf_changed":false,"footnotes":""},"categories":[8],"tags":[],"class_list":["post-3524","post","type-post","status-publish","format-standard","has-post-thumbnail","hentry","category-actualites"],"acf":[],"_links":{"self":[{"href":"https:\/\/pacte-grand-sud.nc\/ccce\/wp-json\/wp\/v2\/posts\/3524","targetHints":{"allow":["GET"]}}],"collection":[{"href":"https:\/\/pacte-grand-sud.nc\/ccce\/wp-json\/wp\/v2\/posts"}],"about":[{"href":"https:\/\/pacte-grand-sud.nc\/ccce\/wp-json\/wp\/v2\/types\/post"}],"author":[{"embeddable":true,"href":"https:\/\/pacte-grand-sud.nc\/ccce\/wp-json\/wp\/v2\/users\/1"}],"replies":[{"embeddable":true,"href":"https:\/\/pacte-grand-sud.nc\/ccce\/wp-json\/wp\/v2\/comments?post=3524"}],"version-history":[{"count":2,"href":"https:\/\/pacte-grand-sud.nc\/ccce\/wp-json\/wp\/v2\/posts\/3524\/revisions"}],"predecessor-version":[{"id":3546,"href":"https:\/\/pacte-grand-sud.nc\/ccce\/wp-json\/wp\/v2\/posts\/3524\/revisions\/3546"}],"wp:featuredmedia":[{"embeddable":true,"href":"https:\/\/pacte-grand-sud.nc\/ccce\/wp-json\/wp\/v2\/media\/3541"}],"wp:attachment":[{"href":"https:\/\/pacte-grand-sud.nc\/ccce\/wp-json\/wp\/v2\/media?parent=3524"}],"wp:term":[{"taxonomy":"category","embeddable":true,"href":"https:\/\/pacte-grand-sud.nc\/ccce\/wp-json\/wp\/v2\/categories?post=3524"},{"taxonomy":"post_tag","embeddable":true,"href":"https:\/\/pacte-grand-sud.nc\/ccce\/wp-json\/wp\/v2\/tags?post=3524"}],"curies":[{"name":"wp","href":"https:\/\/api.w.org\/{rel}","templated":true}]}}