{"id":3525,"date":"2025-07-16T14:38:18","date_gmt":"2025-07-16T03:38:18","guid":{"rendered":"https:\/\/pacte-grand-sud.nc\/ccce\/?p=3525"},"modified":"2025-07-16T14:38:19","modified_gmt":"2025-07-16T03:38:19","slug":"inauguration-de-laire-de-repos-ko-tchomwaou-re","status":"publish","type":"post","link":"https:\/\/pacte-grand-sud.nc\/ccce\/actualites\/inauguration-de-laire-de-repos-ko-tchomwaou-re\/","title":{"rendered":"Inauguration de l\u2019aire de repos \u201cKo Tchomwaou R\u00e9\u201d"},"content":{"rendered":"\n<p>Cette inauguration est la concr\u00e9tisation du projet du coll\u00e8ge de Yat\u00e9 dans le cadre de la Journ\u00e9e mondiale de l\u2019environnement. Pr\u00e8s de 95 enfants du coll\u00e8ge et les classes de CM2 des \u00e9coles primaires de Yat\u00e9 (Waho et Unia) sont pr\u00e9sents pour cette journ\u00e9e. Cette aire de repos comporte un far\u00e9, un sentier botanique de 4000 plants d\u2019esp\u00e8ces end\u00e9miques du maquis minier, et est compl\u00e9tement am\u00e9nag\u00e9 par les enfants.<\/p>\n\n\n\n<p>Depuis 2023, ils ont particip\u00e9 durant leur cursus scolaire, aux diff\u00e9rentes \u00e9tapes de production des plants du sentier botanique&nbsp;: de la collecte des graines au repiquage des semis.<\/p>\n\n\n\n<p>Initialement pr\u00e9vu du 3 au 5 juin 2025, les enfants vont se relayer sur cette aire de repos pour la plantation des arbres du sentier botanique. En raison des conditions m\u00e9t\u00e9orologiques, l\u2019\u00e9v\u00e8nement a d\u00fb \u00eatre en partie reporter au 25 et 26 juin 2025.<\/p>\n\n\n\n<p>Les trois structures du Pacte ont contribu\u00e9 financi\u00e8rement \u00e0 l\u2019\u00e9laboration de ce beau projet en faveur de la pr\u00e9servation de notre environnement. Durant cette journ\u00e9e d\u2019inauguration, des ateliers ont \u00e9t\u00e9 anim\u00e9es par diff\u00e9rents intervenant afin de sensibiliser sur la pr\u00e9servation de nos espaces mais aussi pour susciter de la vocation aupr\u00e8s de nos jeunes.<\/p>\n\n\n\n<p>Merci \u00e0 tous les partenaires et intervenants pour leur participation \u00e0 cette belle action pour les enfants de Yat\u00e9 et l\u2019Environnement&nbsp;!<\/p>\n\n\n\n<figure class=\"wp-block-gallery has-nested-images columns-default is-cropped wp-block-gallery-1 is-layout-flex wp-block-gallery-is-layout-flex\">\n<figure class=\"wp-block-image size-large\"><img loading=\"lazy\" decoding=\"async\" width=\"763\" height=\"572\" data-id=\"3548\" src=\"https:\/\/pacte-grand-sud.nc\/ccce\/wp-content\/uploads\/2025\/07\/Image10.jpg\" alt=\"\" class=\"wp-image-3548\" srcset=\"https:\/\/pacte-grand-sud.nc\/ccce\/wp-content\/uploads\/2025\/07\/Image10.jpg 763w, https:\/\/pacte-grand-sud.nc\/ccce\/wp-content\/uploads\/2025\/07\/Image10-300x225.jpg 300w\" sizes=\"auto, (max-width: 763px) 100vw, 763px\" \/><\/figure>\n\n\n\n<figure class=\"wp-block-image size-large\"><img loading=\"lazy\" decoding=\"async\" width=\"774\" height=\"572\" data-id=\"3549\" src=\"https:\/\/pacte-grand-sud.nc\/ccce\/wp-content\/uploads\/2025\/07\/Image11.jpg\" alt=\"\" class=\"wp-image-3549\" srcset=\"https:\/\/pacte-grand-sud.nc\/ccce\/wp-content\/uploads\/2025\/07\/Image11.jpg 774w, https:\/\/pacte-grand-sud.nc\/ccce\/wp-content\/uploads\/2025\/07\/Image11-300x222.jpg 300w, https:\/\/pacte-grand-sud.nc\/ccce\/wp-content\/uploads\/2025\/07\/Image11-768x568.jpg 768w\" sizes=\"auto, (max-width: 774px) 100vw, 774px\" \/><\/figure>\n<\/figure>\n\n\n\n<figure class=\"wp-block-image size-full is-resized\"><img loading=\"lazy\" decoding=\"async\" width=\"608\" height=\"456\" src=\"https:\/\/pacte-grand-sud.nc\/ccce\/wp-content\/uploads\/2025\/07\/Image12.jpg\" alt=\"\" class=\"wp-image-3550\" style=\"width:760px;height:auto\" srcset=\"https:\/\/pacte-grand-sud.nc\/ccce\/wp-content\/uploads\/2025\/07\/Image12.jpg 608w, https:\/\/pacte-grand-sud.nc\/ccce\/wp-content\/uploads\/2025\/07\/Image12-300x225.jpg 300w\" sizes=\"auto, (max-width: 608px) 100vw, 608px\" \/><\/figure>\n\n\n\n<p><strong>Panneau \u00e0 l\u2019entr\u00e9e de l\u2019aire de repos \u00ab\u00a0Ko Tchomwaou R\u00e9\u00a0\u00bb et partenaires de l\u2019\u00e9v\u00e8nement<\/strong><\/p>\n\n\n\n<figure class=\"wp-block-image size-full is-resized\"><img loading=\"lazy\" decoding=\"async\" width=\"680\" height=\"510\" src=\"https:\/\/pacte-grand-sud.nc\/ccce\/wp-content\/uploads\/2025\/07\/Image13.jpg\" alt=\"\" class=\"wp-image-3551\" style=\"width:760px;height:auto\" srcset=\"https:\/\/pacte-grand-sud.nc\/ccce\/wp-content\/uploads\/2025\/07\/Image13.jpg 680w, https:\/\/pacte-grand-sud.nc\/ccce\/wp-content\/uploads\/2025\/07\/Image13-300x225.jpg 300w\" sizes=\"auto, (max-width: 680px) 100vw, 680px\" \/><\/figure>\n\n\n\n<figure class=\"wp-block-image size-full is-resized\"><img loading=\"lazy\" decoding=\"async\" width=\"611\" height=\"458\" src=\"https:\/\/pacte-grand-sud.nc\/ccce\/wp-content\/uploads\/2025\/07\/Image14.jpg\" alt=\"\" class=\"wp-image-3552\" style=\"width:760px;height:auto\" srcset=\"https:\/\/pacte-grand-sud.nc\/ccce\/wp-content\/uploads\/2025\/07\/Image14.jpg 611w, https:\/\/pacte-grand-sud.nc\/ccce\/wp-content\/uploads\/2025\/07\/Image14-300x225.jpg 300w\" sizes=\"auto, (max-width: 611px) 100vw, 611px\" \/><\/figure>\n\n\n\n<p><strong>Atelier CCCE \u00ab\u00a0\u00e9rosion des sols\u00a0\u00bb anim\u00e9 par Victoria Sauvager et Warren Kotepeu. <em>Objectif\u00a0: sensibiliser sur l\u2019\u00e9rosion des sols et la pr\u00e9servation de la v\u00e9g\u00e9tation.<\/em><\/strong><\/p>\n\n\n\n<figure class=\"wp-block-image size-full is-resized\"><img loading=\"lazy\" decoding=\"async\" width=\"613\" height=\"460\" src=\"https:\/\/pacte-grand-sud.nc\/ccce\/wp-content\/uploads\/2025\/07\/Image15.jpg\" alt=\"\" class=\"wp-image-3553\" style=\"width:760px;height:auto\" srcset=\"https:\/\/pacte-grand-sud.nc\/ccce\/wp-content\/uploads\/2025\/07\/Image15.jpg 613w, https:\/\/pacte-grand-sud.nc\/ccce\/wp-content\/uploads\/2025\/07\/Image15-300x225.jpg 300w\" sizes=\"auto, (max-width: 613px) 100vw, 613px\" \/><\/figure>\n\n\n\n<p><strong>Atelier \u00ab\u00a0min\u00e9ralogie\u00a0\u00bb\u00a0anim\u00e9 par Christophe Gervolino (technicien PRNC-CCCE) et pr\u00e9sident de l\u2019association \u00ab\u00a0AMETISTE\u00a0\u00bb. <em>Objectif\u00a0: faire d\u00e9couvrir les roches et min\u00e9raux sp\u00e9cifiques au Grand Sud<\/em><\/strong><\/p>\n\n\n\n<figure class=\"wp-block-image size-full is-resized\"><img loading=\"lazy\" decoding=\"async\" width=\"551\" height=\"413\" src=\"https:\/\/pacte-grand-sud.nc\/ccce\/wp-content\/uploads\/2025\/07\/Image16.jpg\" alt=\"\" class=\"wp-image-3554\" style=\"width:760px;height:auto\" srcset=\"https:\/\/pacte-grand-sud.nc\/ccce\/wp-content\/uploads\/2025\/07\/Image16.jpg 551w, https:\/\/pacte-grand-sud.nc\/ccce\/wp-content\/uploads\/2025\/07\/Image16-300x225.jpg 300w\" sizes=\"auto, (max-width: 551px) 100vw, 551px\" \/><\/figure>\n\n\n\n<p><strong>Atelier \u00ab\u00a0bombe de graines\u00a0\u00bb anim\u00e9 par Nicolas Rinck, pr\u00e9sident de l\u2019association \u00ab\u00a0X-Graines\u00a0\u00bb. <em>Objectif\u00a0: r\u00e9g\u00e9n\u00e9rer les \u00e9cosyst\u00e8mes naturels d\u00e9grad\u00e9s<\/em><\/strong><\/p>\n\n\n\n<figure class=\"wp-block-image size-full is-resized\"><img loading=\"lazy\" decoding=\"async\" width=\"535\" height=\"401\" src=\"https:\/\/pacte-grand-sud.nc\/ccce\/wp-content\/uploads\/2025\/07\/Image17.jpg\" alt=\"\" class=\"wp-image-3555\" style=\"width:760px;height:auto\" srcset=\"https:\/\/pacte-grand-sud.nc\/ccce\/wp-content\/uploads\/2025\/07\/Image17.jpg 535w, https:\/\/pacte-grand-sud.nc\/ccce\/wp-content\/uploads\/2025\/07\/Image17-300x225.jpg 300w\" sizes=\"auto, (max-width: 535px) 100vw, 535px\" \/><\/figure>\n\n\n\n<p><strong>Atelier \u00ab\u00a0agriculture biologique\u00a0\u00bb anim\u00e9 par AnneSo Hachet de l\u2019association Bio Pacifika. <em>Objectif\u00a0: expliquer les pratiques agricoles respectueuses de l\u2019environnement, de la biodiversit\u00e9, sans OGM et produit de synth\u00e8se<\/em><\/strong><\/p>\n\n\n\n<figure class=\"wp-block-image size-full is-resized\"><img loading=\"lazy\" decoding=\"async\" width=\"520\" height=\"390\" src=\"https:\/\/pacte-grand-sud.nc\/ccce\/wp-content\/uploads\/2025\/07\/Image18.jpg\" alt=\"\" class=\"wp-image-3556\" style=\"width:760px;height:auto\" srcset=\"https:\/\/pacte-grand-sud.nc\/ccce\/wp-content\/uploads\/2025\/07\/Image18.jpg 520w, https:\/\/pacte-grand-sud.nc\/ccce\/wp-content\/uploads\/2025\/07\/Image18-300x225.jpg 300w\" sizes=\"auto, (max-width: 520px) 100vw, 520px\" \/><\/figure>\n\n\n\n<p><strong>Atelier \u00ab\u00a0Plantation\u00a0\u00bb (photo du haut et du bas) avec explication de Mac Coy Stephane, botaniste de PRNC. <em>Objectif\u00a0: conna\u00eetre le r\u00f4le des mycorhizes et la symbiose dans le maquis minier<\/em><\/strong><\/p>\n\n\n\n<figure class=\"wp-block-image size-full is-resized\"><img loading=\"lazy\" decoding=\"async\" width=\"540\" height=\"405\" src=\"https:\/\/pacte-grand-sud.nc\/ccce\/wp-content\/uploads\/2025\/07\/Image19.jpg\" alt=\"\" class=\"wp-image-3557\" style=\"width:760px;height:auto\" srcset=\"https:\/\/pacte-grand-sud.nc\/ccce\/wp-content\/uploads\/2025\/07\/Image19.jpg 540w, https:\/\/pacte-grand-sud.nc\/ccce\/wp-content\/uploads\/2025\/07\/Image19-300x225.jpg 300w\" sizes=\"auto, (max-width: 540px) 100vw, 540px\" \/><\/figure>\n\n\n\n<figure class=\"wp-block-image size-full is-resized\"><img loading=\"lazy\" decoding=\"async\" width=\"680\" height=\"510\" src=\"https:\/\/pacte-grand-sud.nc\/ccce\/wp-content\/uploads\/2025\/07\/Image20.jpg\" alt=\"\" class=\"wp-image-3558\" style=\"width:760px;height:auto\" srcset=\"https:\/\/pacte-grand-sud.nc\/ccce\/wp-content\/uploads\/2025\/07\/Image20.jpg 680w, https:\/\/pacte-grand-sud.nc\/ccce\/wp-content\/uploads\/2025\/07\/Image20-300x225.jpg 300w\" sizes=\"auto, (max-width: 680px) 100vw, 680px\" \/><\/figure>\n\n\n\n<p><strong>Atelier \u00ab\u00a0\u00e9cologie \u00bb anim\u00e9 Fabienne Bourdeau du CIE (Centre d\u2019Initiation \u00e0 l\u2019Environnement). <em>Objectif\u00a0: Lecture \u00e9motionnelle du paysage, notion d\u2019\u00e9cologie et de fonctionnement d\u2019un milieu<\/em><\/strong><\/p>\n","protected":false},"excerpt":{"rendered":"<p>Cette inauguration est la concr\u00e9tisation du projet du coll\u00e8ge de Yat\u00e9 dans le cadre de la Journ\u00e9e mondiale de l\u2019environnement. Pr\u00e8s de 95 enfants du coll\u00e8ge et les classes de CM2 des \u00e9coles primaires de Yat\u00e9 (Waho et Unia) sont pr\u00e9sents pour cette journ\u00e9e. Cette aire de repos comporte un far\u00e9, un sentier botanique de &#8230; <a title=\"Inauguration de l\u2019aire de repos \u201cKo Tchomwaou R\u00e9\u201d\" class=\"read-more\" href=\"https:\/\/pacte-grand-sud.nc\/ccce\/actualites\/inauguration-de-laire-de-repos-ko-tchomwaou-re\/\" aria-label=\"En savoir plus sur Inauguration de l\u2019aire de repos \u201cKo Tchomwaou R\u00e9\u201d\">Lire plus<\/a><\/p>\n","protected":false},"author":1,"featured_media":3547,"comment_status":"closed","ping_status":"closed","sticky":false,"template":"","format":"standard","meta":{"_acf_changed":false,"footnotes":""},"categories":[8],"tags":[],"class_list":["post-3525","post","type-post","status-publish","format-standard","has-post-thumbnail","hentry","category-actualites"],"acf":[],"_links":{"self":[{"href":"https:\/\/pacte-grand-sud.nc\/ccce\/wp-json\/wp\/v2\/posts\/3525","targetHints":{"allow":["GET"]}}],"collection":[{"href":"https:\/\/pacte-grand-sud.nc\/ccce\/wp-json\/wp\/v2\/posts"}],"about":[{"href":"https:\/\/pacte-grand-sud.nc\/ccce\/wp-json\/wp\/v2\/types\/post"}],"author":[{"embeddable":true,"href":"https:\/\/pacte-grand-sud.nc\/ccce\/wp-json\/wp\/v2\/users\/1"}],"replies":[{"embeddable":true,"href":"https:\/\/pacte-grand-sud.nc\/ccce\/wp-json\/wp\/v2\/comments?post=3525"}],"version-history":[{"count":1,"href":"https:\/\/pacte-grand-sud.nc\/ccce\/wp-json\/wp\/v2\/posts\/3525\/revisions"}],"predecessor-version":[{"id":3559,"href":"https:\/\/pacte-grand-sud.nc\/ccce\/wp-json\/wp\/v2\/posts\/3525\/revisions\/3559"}],"wp:featuredmedia":[{"embeddable":true,"href":"https:\/\/pacte-grand-sud.nc\/ccce\/wp-json\/wp\/v2\/media\/3547"}],"wp:attachment":[{"href":"https:\/\/pacte-grand-sud.nc\/ccce\/wp-json\/wp\/v2\/media?parent=3525"}],"wp:term":[{"taxonomy":"category","embeddable":true,"href":"https:\/\/pacte-grand-sud.nc\/ccce\/wp-json\/wp\/v2\/categories?post=3525"},{"taxonomy":"post_tag","embeddable":true,"href":"https:\/\/pacte-grand-sud.nc\/ccce\/wp-json\/wp\/v2\/tags?post=3525"}],"curies":[{"name":"wp","href":"https:\/\/api.w.org\/{rel}","templated":true}]}}