{"id":3564,"date":"2025-09-05T15:07:47","date_gmt":"2025-09-05T04:07:47","guid":{"rendered":"https:\/\/pacte-grand-sud.nc\/ccce\/?p=3564"},"modified":"2025-09-05T15:39:15","modified_gmt":"2025-09-05T04:39:15","slug":"travaux-sur-lemissaire-marin-inspection-du-recif-de-bonne-anse","status":"publish","type":"post","link":"https:\/\/pacte-grand-sud.nc\/ccce\/flash-info\/travaux-sur-lemissaire-marin-inspection-du-recif-de-bonne-anse\/","title":{"rendered":"Travaux sur l&rsquo;\u00e9missaire marin &#8211;           Inspection du r\u00e9cif de Bonne Anse"},"content":{"rendered":"\n<p><\/p>\n\n\n\n<p>Lors de la r\u00e9union du comit\u00e9 des signataires du 24 juillet 2025, la d\u00e9cision est prise que le Conseil de l\u2019Aire Drubea Kapume (CCDK) organisera une r\u00e9union de concertation entre PRNC, CCCE et le conseil de Ouara afin d\u2019\u00e9voquer le calendrier de travaux de per\u00e7age des 10 trous sur l\u2019\u00e9missaire marin et le suivi environnemental associ\u00e9 \u00e0 ces travaux. Pour rappel, sur l\u2019ensemble des chefferies (huit) de l\u2019aire Drub\u00e9a Kapum\u00eb, la chefferie de Ouara s\u2019oppose aux travaux de per\u00e7age des trous suppl\u00e9mentaires sur l\u2019\u00e9missaire marin.<\/p>\n\n\n\n<p>La r\u00e9union de concertation s&rsquo;est tenu le 18 ao\u00fbt 2025 en pr\u00e9sence de l\u2019ensemble des parties. <\/p>\n\n\n\n<p>PRNC pr\u00e9sente les m\u00e9thodes de per\u00e7age des 10 trous, tandis que le CCCE pr\u00e9sente le calendrier des suivis environnementaux r\u00e9glementaires et sp\u00e9cifiques aux recommandations du CCCE. \u00ab\u00a0Les repr\u00e9sentants du conseil de Ouara signalent la pr\u00e9sence de \u00ab boues \u00bb sur le r\u00e9cif de Prony. Pour donner suite \u00e0 ces remont\u00e9es, le CCCE s\u2019engage \u00e0 lancer avant per\u00e7age des trous une inspection du r\u00e9cif de Bonne Anse afin d\u2019\u00e9valuer l\u2019\u00e9tat du r\u00e9cif et de ses environs.<\/p>\n\n\n\n<p>Vous trouverez joint ci-dessous ( possibilit\u00e9 de le t\u00e9l\u00e9charger ou le lire directement) le compte rendu de mission suite \u00e0 cette inspection de stations pour un \u00e9tat des lieux initial avant travaux sur l&rsquo;\u00e9missaire marin.<\/p>\n\n\n\n<p><\/p>\n\n\n\n<div data-wp-interactive=\"core\/file\" class=\"wp-block-file\"><object data-wp-bind--hidden=\"!state.hasPdfPreview\" hidden class=\"wp-block-file__embed\" data=\"https:\/\/pacte-grand-sud.nc\/ccce\/wp-content\/uploads\/2025\/09\/20250829_Inspection_recif_Bonne_Anse-1.pdf\" type=\"application\/pdf\" style=\"width:100%;height:800px\" aria-label=\"Contenu embarqu\u00e9 20250829_Inspection_recif_Bonne_Anse.\"><\/object><a id=\"wp-block-file--media-11f20c5a-8b25-42f3-b294-106e385b6edf\" href=\"https:\/\/pacte-grand-sud.nc\/ccce\/wp-content\/uploads\/2025\/09\/20250829_Inspection_recif_Bonne_Anse-1.pdf\">20250829_Inspection_recif_Bonne_Anse<\/a><a href=\"https:\/\/pacte-grand-sud.nc\/ccce\/wp-content\/uploads\/2025\/09\/20250829_Inspection_recif_Bonne_Anse-1.pdf\" class=\"wp-block-file__button wp-element-button\" download aria-describedby=\"wp-block-file--media-11f20c5a-8b25-42f3-b294-106e385b6edf\">T\u00e9l\u00e9charger<\/a><\/div>\n","protected":false},"excerpt":{"rendered":"<p>Inspections du r\u00e9cif Bonne-Anse le 29 ao\u00fbt 2025, en pr\u00e9visions des travaux sur l&rsquo;\u00e9missaire marin.<br \/>\nA noter : les travaux de per\u00e7age des 10 trous dans l\u2019\u00e9missaire marin ont \u00e9t\u00e9 report\u00e9 \u00e0 une date ult\u00e9rieure (d\u00e9calage de l\u2019ordre de 2 semaines) en raison d\u2019un d\u00e9faut d\u2019autorisation de la DTE (Direction du Travail et de l\u2019Emploi) relatifs aux travaux \u00e0 grande profondeur. (information PRNC transmise le 02\/09\/2025).<\/p>\n","protected":false},"author":4,"featured_media":3565,"comment_status":"closed","ping_status":"","sticky":false,"template":"","format":"standard","meta":{"_acf_changed":false,"footnotes":""},"categories":[13],"tags":[14,16,15],"class_list":["post-3564","post","type-post","status-publish","format-standard","has-post-thumbnail","hentry","category-flash-info","tag-emissaire-marin","tag-etat-initial","tag-recif"],"acf":[],"_links":{"self":[{"href":"https:\/\/pacte-grand-sud.nc\/ccce\/wp-json\/wp\/v2\/posts\/3564","targetHints":{"allow":["GET"]}}],"collection":[{"href":"https:\/\/pacte-grand-sud.nc\/ccce\/wp-json\/wp\/v2\/posts"}],"about":[{"href":"https:\/\/pacte-grand-sud.nc\/ccce\/wp-json\/wp\/v2\/types\/post"}],"author":[{"embeddable":true,"href":"https:\/\/pacte-grand-sud.nc\/ccce\/wp-json\/wp\/v2\/users\/4"}],"replies":[{"embeddable":true,"href":"https:\/\/pacte-grand-sud.nc\/ccce\/wp-json\/wp\/v2\/comments?post=3564"}],"version-history":[{"count":6,"href":"https:\/\/pacte-grand-sud.nc\/ccce\/wp-json\/wp\/v2\/posts\/3564\/revisions"}],"predecessor-version":[{"id":3574,"href":"https:\/\/pacte-grand-sud.nc\/ccce\/wp-json\/wp\/v2\/posts\/3564\/revisions\/3574"}],"wp:featuredmedia":[{"embeddable":true,"href":"https:\/\/pacte-grand-sud.nc\/ccce\/wp-json\/wp\/v2\/media\/3565"}],"wp:attachment":[{"href":"https:\/\/pacte-grand-sud.nc\/ccce\/wp-json\/wp\/v2\/media?parent=3564"}],"wp:term":[{"taxonomy":"category","embeddable":true,"href":"https:\/\/pacte-grand-sud.nc\/ccce\/wp-json\/wp\/v2\/categories?post=3564"},{"taxonomy":"post_tag","embeddable":true,"href":"https:\/\/pacte-grand-sud.nc\/ccce\/wp-json\/wp\/v2\/tags?post=3564"}],"curies":[{"name":"wp","href":"https:\/\/api.w.org\/{rel}","templated":true}]}}