{"id":3576,"date":"2025-09-13T13:26:46","date_gmt":"2025-09-13T02:26:46","guid":{"rendered":"https:\/\/pacte-grand-sud.nc\/ccce\/?p=3576"},"modified":"2025-09-13T13:26:46","modified_gmt":"2025-09-13T02:26:46","slug":"%f0%9d%90%96%f0%9d%90%a8%f0%9d%90%ab%f0%9d%90%a5%f0%9d%90%9d-%f0%9d%90%82%f0%9d%90%a5%f0%9d%90%9e%f0%9d%90%9a%f0%9d%90%a7-%f0%9d%90%94%f0%9d%90%a9-%f0%9d%90%83%f0%9d%90%9a%f0%9d%90%b2-%f0%9d%9f%90","status":"publish","type":"post","link":"https:\/\/pacte-grand-sud.nc\/ccce\/general\/%f0%9d%90%96%f0%9d%90%a8%f0%9d%90%ab%f0%9d%90%a5%f0%9d%90%9d-%f0%9d%90%82%f0%9d%90%a5%f0%9d%90%9e%f0%9d%90%9a%f0%9d%90%a7-%f0%9d%90%94%f0%9d%90%a9-%f0%9d%90%83%f0%9d%90%9a%f0%9d%90%b2-%f0%9d%9f%90\/","title":{"rendered":"\ud835\udc16\ud835\udc28\ud835\udc2b\ud835\udc25\ud835\udc1d \ud835\udc02\ud835\udc25\ud835\udc1e\ud835\udc1a\ud835\udc27 \ud835\udc14\ud835\udc29 \ud835\udc03\ud835\udc1a\ud835\udc32 \ud835\udfd0\ud835\udfce\ud835\udfd0\ud835\udfd3"},"content":{"rendered":"\n<figure class=\"wp-block-image size-large\"><img loading=\"lazy\" decoding=\"async\" width=\"1024\" height=\"576\" src=\"https:\/\/pacte-grand-sud.nc\/ccce\/wp-content\/uploads\/2025\/09\/Affiche_RamassageDechet_2020920-1024x576.jpg\" alt=\"\" class=\"wp-image-3578\" srcset=\"https:\/\/pacte-grand-sud.nc\/ccce\/wp-content\/uploads\/2025\/09\/Affiche_RamassageDechet_2020920-1024x576.jpg 1024w, https:\/\/pacte-grand-sud.nc\/ccce\/wp-content\/uploads\/2025\/09\/Affiche_RamassageDechet_2020920-300x169.jpg 300w, https:\/\/pacte-grand-sud.nc\/ccce\/wp-content\/uploads\/2025\/09\/Affiche_RamassageDechet_2020920-768x432.jpg 768w, https:\/\/pacte-grand-sud.nc\/ccce\/wp-content\/uploads\/2025\/09\/Affiche_RamassageDechet_2020920.jpg 1280w\" sizes=\"auto, (max-width: 1024px) 100vw, 1024px\" \/><\/figure>\n\n\n\n<p>On vous attend nombreux d\u00e8s 8h pour honorer cette journ\u00e9e mondiale des d\u00e9chets !! #WordcleanupDay<\/p>\n","protected":false},"excerpt":{"rendered":"<p>Samedi 20 septembre en bas du col de Mouirange &#8211; 8h00 <\/p>\n","protected":false},"author":4,"featured_media":3579,"comment_status":"closed","ping_status":"","sticky":false,"template":"","format":"image","meta":{"_acf_changed":false,"footnotes":""},"categories":[13,1],"tags":[],"class_list":["post-3576","post","type-post","status-publish","format-image","has-post-thumbnail","hentry","category-flash-info","category-general","post_format-post-format-image"],"acf":[],"_links":{"self":[{"href":"https:\/\/pacte-grand-sud.nc\/ccce\/wp-json\/wp\/v2\/posts\/3576","targetHints":{"allow":["GET"]}}],"collection":[{"href":"https:\/\/pacte-grand-sud.nc\/ccce\/wp-json\/wp\/v2\/posts"}],"about":[{"href":"https:\/\/pacte-grand-sud.nc\/ccce\/wp-json\/wp\/v2\/types\/post"}],"author":[{"embeddable":true,"href":"https:\/\/pacte-grand-sud.nc\/ccce\/wp-json\/wp\/v2\/users\/4"}],"replies":[{"embeddable":true,"href":"https:\/\/pacte-grand-sud.nc\/ccce\/wp-json\/wp\/v2\/comments?post=3576"}],"version-history":[{"count":2,"href":"https:\/\/pacte-grand-sud.nc\/ccce\/wp-json\/wp\/v2\/posts\/3576\/revisions"}],"predecessor-version":[{"id":3581,"href":"https:\/\/pacte-grand-sud.nc\/ccce\/wp-json\/wp\/v2\/posts\/3576\/revisions\/3581"}],"wp:featuredmedia":[{"embeddable":true,"href":"https:\/\/pacte-grand-sud.nc\/ccce\/wp-json\/wp\/v2\/media\/3579"}],"wp:attachment":[{"href":"https:\/\/pacte-grand-sud.nc\/ccce\/wp-json\/wp\/v2\/media?parent=3576"}],"wp:term":[{"taxonomy":"category","embeddable":true,"href":"https:\/\/pacte-grand-sud.nc\/ccce\/wp-json\/wp\/v2\/categories?post=3576"},{"taxonomy":"post_tag","embeddable":true,"href":"https:\/\/pacte-grand-sud.nc\/ccce\/wp-json\/wp\/v2\/tags?post=3576"}],"curies":[{"name":"wp","href":"https:\/\/api.w.org\/{rel}","templated":true}]}}