{"id":3584,"date":"2025-09-23T11:48:53","date_gmt":"2025-09-23T00:48:53","guid":{"rendered":"https:\/\/pacte-grand-sud.nc\/ccce\/?p=3584"},"modified":"2025-09-23T11:48:53","modified_gmt":"2025-09-23T00:48:53","slug":"assemblee-generale-ordinaire-du-7-aout-2025","status":"publish","type":"post","link":"https:\/\/pacte-grand-sud.nc\/ccce\/actualites\/assemblee-generale-ordinaire-du-7-aout-2025\/","title":{"rendered":"Assembl\u00e9e G\u00e9n\u00e9rale ordinaire du 7 ao\u00fbt 2025"},"content":{"rendered":"\n<p>Le CCCE a tenu, jeudi 7 ao\u00fbt \u00e0 la maison commune du Pic aux Ch\u00e8vre &#8211; Dumb\u00e9a, une Assembl\u00e9e g\u00e9n\u00e9rale ordinaire. Lors de cette assembl\u00e9e, les membres de droits et conseillers ont act\u00e9 les points suivants :<\/p>\n\n\n\n<ol start=\"1\" class=\"wp-block-list\">\n<li>\u00c9margement de la liste des pr\u00e9sents et v\u00e9rification du quorum,<\/li>\n\n\n\n<li>Pr\u00e9sentation et approbation du bilan moral pour l\u2019exercice 2024,<\/li>\n\n\n\n<li>Pr\u00e9sentation et approbation du bilan comptable pour l\u2019exercice 2024,<\/li>\n\n\n\n<li><strong>Renouvellement du Conseil et Bureau du CCCE<\/strong><\/li>\n\n\n\n<li>Questions diverses<\/li>\n<\/ol>\n\n\n\n<p>Pour se faire, \u00e9taient pr\u00e9sent lors de cette AGO :<\/p>\n\n\n\n<ul class=\"wp-block-list\">\n<li>9 membres de droits dont un membre observateur de PRNC, pour l&rsquo;Assembl\u00e9e g\u00e9n\u00e9rale<\/li>\n\n\n\n<li>14 conseillers dont les 2 conseillers observateurs de PRNC, pour le Conseil<\/li>\n<\/ul>\n\n\n\n<p>Le Bureau du CCCE est donc renouvel\u00e9 comme suit&nbsp;:<\/p>\n\n\n\n<p>Pr\u00e9sident : M. Jean-Pierre AGOURERE<\/p>\n\n\n\n<p>Vice-Pr\u00e9sident : M. Andr\u00e9 VAMA<\/p>\n\n\n\n<p>Secr\u00e9taire\u00a0: M. Louis COMBO<\/p>\n\n\n\n<p>Tr\u00e9sorier : M. Sileva MAPOU<\/p>\n\n\n\n<p><\/p>\n","protected":false},"excerpt":{"rendered":"<p>Le CCCE a tenu, jeudi 7 ao\u00fbt \u00e0 la maison commune du Pic aux Ch\u00e8vre &#8211; Dumb\u00e9a, une Assembl\u00e9e g\u00e9n\u00e9rale ordinaire. Lors de cette assembl\u00e9e, les membres de droits et conseillers ont act\u00e9 les points suivants : Pour se faire, \u00e9taient pr\u00e9sent lors de cette AGO : Le Bureau du CCCE est donc renouvel\u00e9 comme &#8230; <a title=\"Assembl\u00e9e G\u00e9n\u00e9rale ordinaire du 7 ao\u00fbt 2025\" class=\"read-more\" href=\"https:\/\/pacte-grand-sud.nc\/ccce\/actualites\/assemblee-generale-ordinaire-du-7-aout-2025\/\" aria-label=\"En savoir plus sur Assembl\u00e9e G\u00e9n\u00e9rale ordinaire du 7 ao\u00fbt 2025\">Lire plus<\/a><\/p>\n","protected":false},"author":4,"featured_media":3588,"comment_status":"closed","ping_status":"","sticky":false,"template":"","format":"standard","meta":{"_acf_changed":false,"footnotes":""},"categories":[8],"tags":[],"class_list":["post-3584","post","type-post","status-publish","format-standard","has-post-thumbnail","hentry","category-actualites"],"acf":[],"_links":{"self":[{"href":"https:\/\/pacte-grand-sud.nc\/ccce\/wp-json\/wp\/v2\/posts\/3584","targetHints":{"allow":["GET"]}}],"collection":[{"href":"https:\/\/pacte-grand-sud.nc\/ccce\/wp-json\/wp\/v2\/posts"}],"about":[{"href":"https:\/\/pacte-grand-sud.nc\/ccce\/wp-json\/wp\/v2\/types\/post"}],"author":[{"embeddable":true,"href":"https:\/\/pacte-grand-sud.nc\/ccce\/wp-json\/wp\/v2\/users\/4"}],"replies":[{"embeddable":true,"href":"https:\/\/pacte-grand-sud.nc\/ccce\/wp-json\/wp\/v2\/comments?post=3584"}],"version-history":[{"count":2,"href":"https:\/\/pacte-grand-sud.nc\/ccce\/wp-json\/wp\/v2\/posts\/3584\/revisions"}],"predecessor-version":[{"id":3586,"href":"https:\/\/pacte-grand-sud.nc\/ccce\/wp-json\/wp\/v2\/posts\/3584\/revisions\/3586"}],"wp:featuredmedia":[{"embeddable":true,"href":"https:\/\/pacte-grand-sud.nc\/ccce\/wp-json\/wp\/v2\/media\/3588"}],"wp:attachment":[{"href":"https:\/\/pacte-grand-sud.nc\/ccce\/wp-json\/wp\/v2\/media?parent=3584"}],"wp:term":[{"taxonomy":"category","embeddable":true,"href":"https:\/\/pacte-grand-sud.nc\/ccce\/wp-json\/wp\/v2\/categories?post=3584"},{"taxonomy":"post_tag","embeddable":true,"href":"https:\/\/pacte-grand-sud.nc\/ccce\/wp-json\/wp\/v2\/tags?post=3584"}],"curies":[{"name":"wp","href":"https:\/\/api.w.org\/{rel}","templated":true}]}}