{"id":3598,"date":"2025-09-29T11:07:50","date_gmt":"2025-09-29T00:07:50","guid":{"rendered":"https:\/\/pacte-grand-sud.nc\/ccce\/?p=3598"},"modified":"2025-09-29T11:07:50","modified_gmt":"2025-09-29T00:07:50","slug":"debriefing-de-la-journee-mondiale-des-dechets","status":"publish","type":"post","link":"https:\/\/pacte-grand-sud.nc\/ccce\/actualites\/debriefing-de-la-journee-mondiale-des-dechets\/","title":{"rendered":"D\u00e9briefing de la journ\u00e9e mondiale des d\u00e9chets"},"content":{"rendered":"\n<p>Le 20 septembre 2025, le CCCE a lanc\u00e9 un appel \u00e0 la mobilisation pour une action citoyenne dans le Col de Mouirange, de ramassage des d\u00e9chets pour le \u00ab World Clean Up Day\u202f\u00bb\u00a0\u00a0<\/p>\n\n\n\n<p>L\u2019action en quelques chiffres\u202f:&nbsp;&nbsp;<\/p>\n\n\n\n<ul class=\"wp-block-list\">\n<li>2 heures de ramassages&nbsp;<\/li>\n\n\n\n<li>28 b\u00e9n\u00e9voles&nbsp;<\/li>\n\n\n\n<li>6m\u00b3 de d\u00e9chets m\u00e9nagers (alimentaires, emballage, bouteilles en verre etc\u2026)<\/li>\n\n\n\n<li>1m\u00b3 de canettes \u00a0<\/li>\n<\/ul>\n\n\n\n<figure class=\"wp-block-image size-large is-resized\"><img loading=\"lazy\" decoding=\"async\" width=\"768\" height=\"1024\" src=\"https:\/\/pacte-grand-sud.nc\/ccce\/wp-content\/uploads\/2025\/09\/20250920_103822-768x1024.jpg\" alt=\"\" class=\"wp-image-3604\" style=\"width:420px;height:auto\" srcset=\"https:\/\/pacte-grand-sud.nc\/ccce\/wp-content\/uploads\/2025\/09\/20250920_103822-768x1024.jpg 768w, https:\/\/pacte-grand-sud.nc\/ccce\/wp-content\/uploads\/2025\/09\/20250920_103822-225x300.jpg 225w, https:\/\/pacte-grand-sud.nc\/ccce\/wp-content\/uploads\/2025\/09\/20250920_103822-1152x1536.jpg 1152w, https:\/\/pacte-grand-sud.nc\/ccce\/wp-content\/uploads\/2025\/09\/20250920_103822-1536x2048.jpg 1536w, https:\/\/pacte-grand-sud.nc\/ccce\/wp-content\/uploads\/2025\/09\/20250920_103822-scaled.jpg 1920w\" sizes=\"auto, (max-width: 768px) 100vw, 768px\" \/><\/figure>\n\n\n\n<ul class=\"wp-block-list\">\n<li>3 pots de peinture\u00a0<\/li>\n\n\n\n<li>10 batteries de poids lourds\u00a0<\/li>\n\n\n\n<li>3m\u00b3 d\u2019encombrants\u00a0<\/li>\n<\/ul>\n\n\n<div class=\"gb-container gb-container-e423abbe\">\n\n<figure class=\"wp-block-gallery has-nested-images columns-default is-cropped wp-block-gallery-1 is-layout-flex wp-block-gallery-is-layout-flex\">\n<figure class=\"wp-block-image size-large is-resized\"><img loading=\"lazy\" decoding=\"async\" width=\"768\" height=\"1024\" data-id=\"3602\" src=\"https:\/\/pacte-grand-sud.nc\/ccce\/wp-content\/uploads\/2025\/09\/IMG_0411-768x1024.jpg\" alt=\"\" class=\"wp-image-3602\" style=\"width:430px;height:auto\" srcset=\"https:\/\/pacte-grand-sud.nc\/ccce\/wp-content\/uploads\/2025\/09\/IMG_0411-768x1024.jpg 768w, https:\/\/pacte-grand-sud.nc\/ccce\/wp-content\/uploads\/2025\/09\/IMG_0411-225x300.jpg 225w, https:\/\/pacte-grand-sud.nc\/ccce\/wp-content\/uploads\/2025\/09\/IMG_0411-1152x1536.jpg 1152w, https:\/\/pacte-grand-sud.nc\/ccce\/wp-content\/uploads\/2025\/09\/IMG_0411-1536x2048.jpg 1536w, https:\/\/pacte-grand-sud.nc\/ccce\/wp-content\/uploads\/2025\/09\/IMG_0411-scaled.jpg 1920w\" sizes=\"auto, (max-width: 768px) 100vw, 768px\" \/><\/figure>\n\n\n\n<figure class=\"wp-block-image size-large is-resized\"><img loading=\"lazy\" decoding=\"async\" width=\"768\" height=\"1024\" data-id=\"3603\" src=\"https:\/\/pacte-grand-sud.nc\/ccce\/wp-content\/uploads\/2025\/09\/IMG_0413-768x1024.jpg\" alt=\"\" class=\"wp-image-3603\" style=\"width:430px;height:auto\" srcset=\"https:\/\/pacte-grand-sud.nc\/ccce\/wp-content\/uploads\/2025\/09\/IMG_0413-768x1024.jpg 768w, https:\/\/pacte-grand-sud.nc\/ccce\/wp-content\/uploads\/2025\/09\/IMG_0413-225x300.jpg 225w, https:\/\/pacte-grand-sud.nc\/ccce\/wp-content\/uploads\/2025\/09\/IMG_0413-1152x1536.jpg 1152w, https:\/\/pacte-grand-sud.nc\/ccce\/wp-content\/uploads\/2025\/09\/IMG_0413-1536x2048.jpg 1536w, https:\/\/pacte-grand-sud.nc\/ccce\/wp-content\/uploads\/2025\/09\/IMG_0413-scaled.jpg 1920w\" sizes=\"auto, (max-width: 768px) 100vw, 768px\" \/><\/figure>\n<\/figure>\n\n<\/div>\n\n<div class=\"gb-container gb-container-af8e6493\">\n\n<figure class=\"wp-block-gallery has-nested-images columns-default is-cropped wp-block-gallery-2 is-layout-flex wp-block-gallery-is-layout-flex\">\n<figure class=\"wp-block-image size-large is-resized\"><img loading=\"lazy\" decoding=\"async\" width=\"768\" height=\"1024\" data-id=\"3600\" src=\"https:\/\/pacte-grand-sud.nc\/ccce\/wp-content\/uploads\/2025\/09\/IMG_0407-768x1024.jpg\" alt=\"\" class=\"wp-image-3600\" style=\"width:435px;height:auto\" srcset=\"https:\/\/pacte-grand-sud.nc\/ccce\/wp-content\/uploads\/2025\/09\/IMG_0407-768x1024.jpg 768w, https:\/\/pacte-grand-sud.nc\/ccce\/wp-content\/uploads\/2025\/09\/IMG_0407-225x300.jpg 225w, https:\/\/pacte-grand-sud.nc\/ccce\/wp-content\/uploads\/2025\/09\/IMG_0407-1152x1536.jpg 1152w, https:\/\/pacte-grand-sud.nc\/ccce\/wp-content\/uploads\/2025\/09\/IMG_0407-1536x2048.jpg 1536w, https:\/\/pacte-grand-sud.nc\/ccce\/wp-content\/uploads\/2025\/09\/IMG_0407-scaled.jpg 1920w\" sizes=\"auto, (max-width: 768px) 100vw, 768px\" \/><\/figure>\n\n\n\n<figure class=\"wp-block-image size-large is-resized\"><img loading=\"lazy\" decoding=\"async\" width=\"768\" height=\"1024\" data-id=\"3601\" src=\"https:\/\/pacte-grand-sud.nc\/ccce\/wp-content\/uploads\/2025\/09\/IMG_0408-768x1024.jpg\" alt=\"\" class=\"wp-image-3601\" style=\"width:437px;height:auto\" srcset=\"https:\/\/pacte-grand-sud.nc\/ccce\/wp-content\/uploads\/2025\/09\/IMG_0408-768x1024.jpg 768w, https:\/\/pacte-grand-sud.nc\/ccce\/wp-content\/uploads\/2025\/09\/IMG_0408-225x300.jpg 225w, https:\/\/pacte-grand-sud.nc\/ccce\/wp-content\/uploads\/2025\/09\/IMG_0408-1152x1536.jpg 1152w, https:\/\/pacte-grand-sud.nc\/ccce\/wp-content\/uploads\/2025\/09\/IMG_0408-1536x2048.jpg 1536w, https:\/\/pacte-grand-sud.nc\/ccce\/wp-content\/uploads\/2025\/09\/IMG_0408-scaled.jpg 1920w\" sizes=\"auto, (max-width: 768px) 100vw, 768px\" \/><\/figure>\n<\/figure>\n\n<\/div>\n\n\n<p>Au total c\u2019est 10m\u00b3 pour cette op\u00e9ration \u00ab\u202fCol de Mouirange plus propre\u202f\u00bb\u00a0<\/p>\n\n\n\n<p>Merci \u00e0 la soci\u00e9t\u00e9 SARL SHALOWM pour l\u2019\u00e9vacuation des d\u00e9chets\u00a0<\/p>\n\n\n\n<p>Merci aux 2 structures du Pacte, La Fondation Xere PRNC et l\u2019ARGS pour leur soutien et leur aide lors de cette journ\u00e9e.\u00a0<\/p>\n\n\n\n<p>Aussi un grand merci \u00e0 tous les b\u00e9n\u00e9voles venus pour cette demi-journ\u00e9e d\u2019action. <\/p>\n\n\n\n<p>En esp\u00e9rant vous y retrouver pour une seconde \u00e9dition l&rsquo;ann\u00e9e prochaine !<\/p>\n\n\n\n<figure class=\"wp-block-image size-large is-resized\"><img loading=\"lazy\" decoding=\"async\" width=\"768\" height=\"1024\" src=\"https:\/\/pacte-grand-sud.nc\/ccce\/wp-content\/uploads\/2025\/09\/IMG_0436-768x1024.jpg\" alt=\"\" class=\"wp-image-3607\" style=\"width:722px;height:auto\" srcset=\"https:\/\/pacte-grand-sud.nc\/ccce\/wp-content\/uploads\/2025\/09\/IMG_0436-768x1024.jpg 768w, https:\/\/pacte-grand-sud.nc\/ccce\/wp-content\/uploads\/2025\/09\/IMG_0436-225x300.jpg 225w, https:\/\/pacte-grand-sud.nc\/ccce\/wp-content\/uploads\/2025\/09\/IMG_0436-1152x1536.jpg 1152w, https:\/\/pacte-grand-sud.nc\/ccce\/wp-content\/uploads\/2025\/09\/IMG_0436-1536x2048.jpg 1536w, https:\/\/pacte-grand-sud.nc\/ccce\/wp-content\/uploads\/2025\/09\/IMG_0436-scaled.jpg 1920w\" sizes=\"auto, (max-width: 768px) 100vw, 768px\" \/><\/figure>\n\n\n\n<p>Cette carte illustre les 4 sites ponctuels ainsi que le tron\u00e7on de la route qu&rsquo;on a pu nettoy\u00e9 en 2h de temps. <\/p>\n\n\n\n<figure class=\"wp-block-image size-large is-resized\"><img loading=\"lazy\" decoding=\"async\" width=\"1024\" height=\"724\" src=\"https:\/\/pacte-grand-sud.nc\/ccce\/wp-content\/uploads\/2025\/09\/recap-action-2025-1024x724.png\" alt=\"\" class=\"wp-image-3611\" style=\"width:929px;height:auto\" srcset=\"https:\/\/pacte-grand-sud.nc\/ccce\/wp-content\/uploads\/2025\/09\/recap-action-2025-1024x724.png 1024w, https:\/\/pacte-grand-sud.nc\/ccce\/wp-content\/uploads\/2025\/09\/recap-action-2025-300x212.png 300w, https:\/\/pacte-grand-sud.nc\/ccce\/wp-content\/uploads\/2025\/09\/recap-action-2025-768x543.png 768w, https:\/\/pacte-grand-sud.nc\/ccce\/wp-content\/uploads\/2025\/09\/recap-action-2025-1536x1086.png 1536w, https:\/\/pacte-grand-sud.nc\/ccce\/wp-content\/uploads\/2025\/09\/recap-action-2025-2048x1448.png 2048w\" sizes=\"auto, (max-width: 1024px) 100vw, 1024px\" \/><\/figure>\n\n\n\n<p><\/p>\n","protected":false},"excerpt":{"rendered":"<p>Le 20 septembre 2025, le CCCE a lanc\u00e9 un appel \u00e0 la mobilisation pour une action citoyenne dans le Col de Mouirange, de ramassage des d\u00e9chets pour le \u00ab World Clean Up Day\u202f\u00bb\u00a0\u00a0 L\u2019action en quelques chiffres\u202f:&nbsp;&nbsp; Au total c\u2019est 10m\u00b3 pour cette op\u00e9ration \u00ab\u202fCol de Mouirange plus propre\u202f\u00bb\u00a0 Merci \u00e0 la soci\u00e9t\u00e9 SARL SHALOWM &#8230; <a title=\"D\u00e9briefing de la journ\u00e9e mondiale des d\u00e9chets\" class=\"read-more\" href=\"https:\/\/pacte-grand-sud.nc\/ccce\/actualites\/debriefing-de-la-journee-mondiale-des-dechets\/\" aria-label=\"En savoir plus sur D\u00e9briefing de la journ\u00e9e mondiale des d\u00e9chets\">Lire plus<\/a><\/p>\n","protected":false},"author":4,"featured_media":3608,"comment_status":"closed","ping_status":"","sticky":false,"template":"","format":"standard","meta":{"_acf_changed":false,"footnotes":""},"categories":[8],"tags":[18,20,19,21,17],"class_list":["post-3598","post","type-post","status-publish","format-standard","has-post-thumbnail","hentry","category-actualites","tag-20-septembre-2025","tag-dechets","tag-environnement","tag-pour-une-nature-plus-propre","tag-world-clean-up-day"],"acf":[],"_links":{"self":[{"href":"https:\/\/pacte-grand-sud.nc\/ccce\/wp-json\/wp\/v2\/posts\/3598","targetHints":{"allow":["GET"]}}],"collection":[{"href":"https:\/\/pacte-grand-sud.nc\/ccce\/wp-json\/wp\/v2\/posts"}],"about":[{"href":"https:\/\/pacte-grand-sud.nc\/ccce\/wp-json\/wp\/v2\/types\/post"}],"author":[{"embeddable":true,"href":"https:\/\/pacte-grand-sud.nc\/ccce\/wp-json\/wp\/v2\/users\/4"}],"replies":[{"embeddable":true,"href":"https:\/\/pacte-grand-sud.nc\/ccce\/wp-json\/wp\/v2\/comments?post=3598"}],"version-history":[{"count":3,"href":"https:\/\/pacte-grand-sud.nc\/ccce\/wp-json\/wp\/v2\/posts\/3598\/revisions"}],"predecessor-version":[{"id":3612,"href":"https:\/\/pacte-grand-sud.nc\/ccce\/wp-json\/wp\/v2\/posts\/3598\/revisions\/3612"}],"wp:featuredmedia":[{"embeddable":true,"href":"https:\/\/pacte-grand-sud.nc\/ccce\/wp-json\/wp\/v2\/media\/3608"}],"wp:attachment":[{"href":"https:\/\/pacte-grand-sud.nc\/ccce\/wp-json\/wp\/v2\/media?parent=3598"}],"wp:term":[{"taxonomy":"category","embeddable":true,"href":"https:\/\/pacte-grand-sud.nc\/ccce\/wp-json\/wp\/v2\/categories?post=3598"},{"taxonomy":"post_tag","embeddable":true,"href":"https:\/\/pacte-grand-sud.nc\/ccce\/wp-json\/wp\/v2\/tags?post=3598"}],"curies":[{"name":"wp","href":"https:\/\/api.w.org\/{rel}","templated":true}]}}