{"id":3635,"date":"2025-12-05T15:12:10","date_gmt":"2025-12-05T04:12:10","guid":{"rendered":"https:\/\/pacte-grand-sud.nc\/ccce\/?p=3635"},"modified":"2025-12-05T15:12:10","modified_gmt":"2025-12-05T04:12:10","slug":"etude-des-polluants-dans-les-organismes-marins-consomme-dans-le-sud","status":"publish","type":"post","link":"https:\/\/pacte-grand-sud.nc\/ccce\/actualites\/etude-des-polluants-dans-les-organismes-marins-consomme-dans-le-sud\/","title":{"rendered":"\u00c9tude des polluants dans les organismes marins consomm\u00e9 dans le Sud"},"content":{"rendered":"\n<p>Fin octobre, le CCCE accompagnait le bureau d\u2019\u00e9tude AEL et des p\u00eacheurs pour l\u2019\u00e9tude \u00e9co-toxicologique\u00a0: \u00a0dosage des polluants dans les chairs d\u2019organismes marins (poissons et crustac\u00e9s\/mollusques)  sur la zone de Bonne Anse \u2013 Yat\u00e9<\/p>\n\n\n\n<p>Pour en savoir plus: les informations dans ce petit compte rendu ci-dessous en libre acc\u00e8s. <\/p>\n\n\n\n<p>Pour toute question suppl\u00e9mentaire le CCCE se tient \u00e0 votre disposition pour des questions suppl\u00e9mentaies<\/p>\n\n\n\n<div data-wp-interactive=\"core\/file\" class=\"wp-block-file\"><object data-wp-bind--hidden=\"!state.hasPdfPreview\" hidden class=\"wp-block-file__embed\" data=\"https:\/\/pacte-grand-sud.nc\/ccce\/wp-content\/uploads\/2025\/12\/20251028_compte-rendu-de-la-sortie-terrain_VF.pdf\" type=\"application\/pdf\" style=\"width:100%;height:880px\" aria-label=\"Contenu embarqu\u00e9 20251028_compte rendu de la sortie terrain_VF.\"><\/object><a id=\"wp-block-file--media-0fd95438-70e3-43d6-a5a8-5a98dfb41d83\" href=\"https:\/\/pacte-grand-sud.nc\/ccce\/wp-content\/uploads\/2025\/12\/20251028_compte-rendu-de-la-sortie-terrain_VF.pdf\">20251028_compte rendu de la sortie terrain_VF<\/a><a href=\"https:\/\/pacte-grand-sud.nc\/ccce\/wp-content\/uploads\/2025\/12\/20251028_compte-rendu-de-la-sortie-terrain_VF.pdf\" class=\"wp-block-file__button wp-element-button\" download aria-describedby=\"wp-block-file--media-0fd95438-70e3-43d6-a5a8-5a98dfb41d83\">T\u00e9l\u00e9charger<\/a><\/div>\n\n\n\n<p><\/p>\n","protected":false},"excerpt":{"rendered":"<p>Fin octobre, le CCCE accompagnait le bureau d\u2019\u00e9tude AEL et des p\u00eacheurs pour l\u2019\u00e9tude \u00e9co-toxicologique\u00a0: \u00a0dosage des polluants dans les chairs d\u2019organismes marins (poissons et crustac\u00e9s\/mollusques) sur la zone de Bonne Anse \u2013 Yat\u00e9 Pour en savoir plus: les informations dans ce petit compte rendu ci-dessous en libre acc\u00e8s. Pour toute question suppl\u00e9mentaire le CCCE &#8230; <a title=\"\u00c9tude des polluants dans les organismes marins consomm\u00e9 dans le Sud\" class=\"read-more\" href=\"https:\/\/pacte-grand-sud.nc\/ccce\/actualites\/etude-des-polluants-dans-les-organismes-marins-consomme-dans-le-sud\/\" aria-label=\"En savoir plus sur \u00c9tude des polluants dans les organismes marins consomm\u00e9 dans le Sud\">Lire plus<\/a><\/p>\n","protected":false},"author":4,"featured_media":3640,"comment_status":"closed","ping_status":"","sticky":false,"template":"","format":"standard","meta":{"_acf_changed":false,"footnotes":""},"categories":[8],"tags":[24,22,23,25,26],"class_list":["post-3635","post","type-post","status-publish","format-standard","has-post-thumbnail","hentry","category-actualites","tag-etude","tag-peche","tag-poissons","tag-polluants","tag-tuyau"],"acf":[],"_links":{"self":[{"href":"https:\/\/pacte-grand-sud.nc\/ccce\/wp-json\/wp\/v2\/posts\/3635","targetHints":{"allow":["GET"]}}],"collection":[{"href":"https:\/\/pacte-grand-sud.nc\/ccce\/wp-json\/wp\/v2\/posts"}],"about":[{"href":"https:\/\/pacte-grand-sud.nc\/ccce\/wp-json\/wp\/v2\/types\/post"}],"author":[{"embeddable":true,"href":"https:\/\/pacte-grand-sud.nc\/ccce\/wp-json\/wp\/v2\/users\/4"}],"replies":[{"embeddable":true,"href":"https:\/\/pacte-grand-sud.nc\/ccce\/wp-json\/wp\/v2\/comments?post=3635"}],"version-history":[{"count":3,"href":"https:\/\/pacte-grand-sud.nc\/ccce\/wp-json\/wp\/v2\/posts\/3635\/revisions"}],"predecessor-version":[{"id":3642,"href":"https:\/\/pacte-grand-sud.nc\/ccce\/wp-json\/wp\/v2\/posts\/3635\/revisions\/3642"}],"wp:featuredmedia":[{"embeddable":true,"href":"https:\/\/pacte-grand-sud.nc\/ccce\/wp-json\/wp\/v2\/media\/3640"}],"wp:attachment":[{"href":"https:\/\/pacte-grand-sud.nc\/ccce\/wp-json\/wp\/v2\/media?parent=3635"}],"wp:term":[{"taxonomy":"category","embeddable":true,"href":"https:\/\/pacte-grand-sud.nc\/ccce\/wp-json\/wp\/v2\/categories?post=3635"},{"taxonomy":"post_tag","embeddable":true,"href":"https:\/\/pacte-grand-sud.nc\/ccce\/wp-json\/wp\/v2\/tags?post=3635"}],"curies":[{"name":"wp","href":"https:\/\/api.w.org\/{rel}","templated":true}]}}