{"id":3651,"date":"2026-03-04T16:29:36","date_gmt":"2026-03-04T05:29:36","guid":{"rendered":"https:\/\/pacte-grand-sud.nc\/ccce\/?p=3651"},"modified":"2026-03-04T16:29:36","modified_gmt":"2026-03-04T05:29:36","slug":"detail-de-la-fuite-dhydrocarbure-du-03-mars-au-niveau-du-port-de-prony","status":"publish","type":"post","link":"https:\/\/pacte-grand-sud.nc\/ccce\/flash-info\/detail-de-la-fuite-dhydrocarbure-du-03-mars-au-niveau-du-port-de-prony\/","title":{"rendered":"D\u00e9tail de la fuite d&rsquo;hydrocarbure du 03 mars au niveau du Port de Prony"},"content":{"rendered":"\n<p>Chers membres de droit, chers conseillers,<\/p>\n\n\n\n<p>Hier, le 03\/03\/2026 \u00e0 9h30, PRNC nous a signal\u00e9 une fuite d\u2019hydrocarbure (du type HFO) au Port de Prony qui a conduit \u00e0 un \u00e9coulement en mer.<\/p>\n\n\n\n<p>La canalisation en cause, utilis\u00e9e pour le d\u00e9chargement des navires vers les cuves de stockage, n\u2019\u00e9tait pas en op\u00e9ration lors de l\u2019incident. Il s\u2019agit donc d\u2019un r\u00e9siduel de HFO encore pr\u00e9sent dans la ligne apr\u00e8s la purge de fin de d\u00e9chargement.<\/p>\n\n\n\n<p>La fuite, estim\u00e9e \u00e0 quelques dizaines de litres, a provoqu\u00e9 un \u00e9coulement limit\u00e9 de HFO en mer et l\u2019apparition d\u2019une irisation en surface dans la baie de Prony.<\/p>\n\n\n\n<p>Le CCCE, le MRCC et la DIMENC ont \u00e9t\u00e9 imm\u00e9diatement inform\u00e9s. Notre technicien PRNC\u2011CCCE, KOTOPEU Warren, a int\u00e9gr\u00e9 la cellule de gestion de l\u2019incident.<\/p>\n\n\n\n<p>PRNC a rapidement d\u00e9ploy\u00e9 les mesures suivantes :<\/p>\n\n\n\n<ul class=\"wp-block-list\">\n<li>Mise en place d\u2019un barrage flottant autour du quai pour contenir la fuite.<\/li>\n\n\n\n<li>Intervention des \u00e9quipes pour le nettoyage et la r\u00e9paration : \u00e9chafaudeurs, d\u00e9\u2011calorifugeage, camion hydrocureur et moyens de pompage.<\/li>\n\n\n\n<li>Reconnaissance en mer avec l\u2019\u00e9quipe environnement pour \u00e9valuer l\u2019impact.<\/li>\n\n\n\n<li>Pr\u00e9l\u00e8vements d\u2019eau de mer (deux campagnes\u00a0: \u00e0 mar\u00e9e haute et \u00e0 mar\u00e9e basse) pour analyser la pr\u00e9sence \u00e9ventuelle d\u2019hydrocarbures.<\/li>\n\n\n\n<li>Reconnaissance du littoral afin de rep\u00e9rer et collecter d\u2019\u00e9ventuels d\u00e9p\u00f4ts.<\/li>\n<\/ul>\n\n\n\n<p>D\u00e8s 11h le m\u00eame jour, la situation \u00e9tait stabilis\u00e9e et ne pr\u00e9sentait plus de signe visible de pollution. Aucun d\u00e9p\u00f4t n\u2019a \u00e9t\u00e9 observ\u00e9 sur le littoral. Les op\u00e9rations de contr\u00f4le et de nettoyage se sont poursuivies \u00e0 titre pr\u00e9ventif afin de garantir un retour complet \u00e0 la normale. Les pr\u00e9l\u00e8vements sont en cours d\u2019analyse en laboratoire.<\/p>\n\n\n\n<p>Pour toute question ou urgence environnementale, je reste joignable en tant que coordinatrice du CCCE au <strong>73.38.01<\/strong>.<\/p>\n\n\n\n<p>La coordinatrice du CCCE<\/p>\n\n\n\n<figure class=\"wp-block-image size-full\"><img loading=\"lazy\" decoding=\"async\" width=\"1023\" height=\"504\" src=\"https:\/\/pacte-grand-sud.nc\/ccce\/wp-content\/uploads\/2026\/03\/carte-incident-fuite-030326.png\" alt=\"\" class=\"wp-image-3652\" srcset=\"https:\/\/pacte-grand-sud.nc\/ccce\/wp-content\/uploads\/2026\/03\/carte-incident-fuite-030326.png 1023w, https:\/\/pacte-grand-sud.nc\/ccce\/wp-content\/uploads\/2026\/03\/carte-incident-fuite-030326-300x148.png 300w, https:\/\/pacte-grand-sud.nc\/ccce\/wp-content\/uploads\/2026\/03\/carte-incident-fuite-030326-768x378.png 768w\" sizes=\"auto, (max-width: 1023px) 100vw, 1023px\" \/><\/figure>\n\n\n\n<p class=\"has-small-font-size\"> source : carte de Prony Resources<\/p>\n\n\n\n<p><\/p>\n","protected":false},"excerpt":{"rendered":"<p>Hier, le 03\/03\/2026 \u00e0 9h30, PRNC nous a signal\u00e9 une fuite d\u2019hydrocarbure (du type HFO) au Port de Prony qui a conduit \u00e0 un \u00e9coulement en mer. <\/p>\n","protected":false},"author":4,"featured_media":3652,"comment_status":"closed","ping_status":"","sticky":false,"template":"","format":"standard","meta":{"_acf_changed":false,"footnotes":""},"categories":[13],"tags":[29,27,28],"class_list":["post-3651","post","type-post","status-publish","format-standard","has-post-thumbnail","hentry","category-flash-info","tag-fuite","tag-incident","tag-port"],"acf":[],"_links":{"self":[{"href":"https:\/\/pacte-grand-sud.nc\/ccce\/wp-json\/wp\/v2\/posts\/3651","targetHints":{"allow":["GET"]}}],"collection":[{"href":"https:\/\/pacte-grand-sud.nc\/ccce\/wp-json\/wp\/v2\/posts"}],"about":[{"href":"https:\/\/pacte-grand-sud.nc\/ccce\/wp-json\/wp\/v2\/types\/post"}],"author":[{"embeddable":true,"href":"https:\/\/pacte-grand-sud.nc\/ccce\/wp-json\/wp\/v2\/users\/4"}],"replies":[{"embeddable":true,"href":"https:\/\/pacte-grand-sud.nc\/ccce\/wp-json\/wp\/v2\/comments?post=3651"}],"version-history":[{"count":2,"href":"https:\/\/pacte-grand-sud.nc\/ccce\/wp-json\/wp\/v2\/posts\/3651\/revisions"}],"predecessor-version":[{"id":3654,"href":"https:\/\/pacte-grand-sud.nc\/ccce\/wp-json\/wp\/v2\/posts\/3651\/revisions\/3654"}],"wp:featuredmedia":[{"embeddable":true,"href":"https:\/\/pacte-grand-sud.nc\/ccce\/wp-json\/wp\/v2\/media\/3652"}],"wp:attachment":[{"href":"https:\/\/pacte-grand-sud.nc\/ccce\/wp-json\/wp\/v2\/media?parent=3651"}],"wp:term":[{"taxonomy":"category","embeddable":true,"href":"https:\/\/pacte-grand-sud.nc\/ccce\/wp-json\/wp\/v2\/categories?post=3651"},{"taxonomy":"post_tag","embeddable":true,"href":"https:\/\/pacte-grand-sud.nc\/ccce\/wp-json\/wp\/v2\/tags?post=3651"}],"curies":[{"name":"wp","href":"https:\/\/api.w.org\/{rel}","templated":true}]}}