{"id":3655,"date":"2026-04-27T15:59:13","date_gmt":"2026-04-27T04:59:13","guid":{"rendered":"https:\/\/pacte-grand-sud.nc\/ccce\/?p=3655"},"modified":"2026-04-27T15:59:13","modified_gmt":"2026-04-27T04:59:13","slug":"action-citoyenne-ramassage-des-dechets-au-abord-du-lac-de-yate","status":"publish","type":"post","link":"https:\/\/pacte-grand-sud.nc\/ccce\/actualites\/action-citoyenne-ramassage-des-dechets-au-abord-du-lac-de-yate\/","title":{"rendered":"Action citoyenne &#8211; Ramassage des d\u00e9chets au abord du lac de Yat\u00e9"},"content":{"rendered":"\n<p class=\"has-medium-font-size\">Ce samedi 25 avril 2026, le CCCE a men\u00e9 une action de ramassage de d\u00e9chets le long des grandes lignes droites qui bordent le lac de Yat\u00e9, malgr\u00e9 des conditions m\u00e9t\u00e9orologiques peu favorables.<\/p>\n\n\n\n<p class=\"has-medium-font-size\">Le r\u00e9sultat en quelques chiffres :<\/p>\n\n\n\n<ul class=\"wp-block-list\">\n<li class=\"has-medium-font-size\">5 km de route parcourus<\/li>\n\n\n\n<li class=\"has-medium-font-size\">3 400 L de d\u00e9chets (tous venants)<\/li>\n\n\n\n<li class=\"has-medium-font-size\">400 L de canettes ( \u00e7a fait beaucoup ! )<\/li>\n\n\n\n<li class=\"has-medium-font-size\">2 pneus<\/li>\n<\/ul>\n\n\n\n<p class=\"has-medium-font-size\">Un remerciement aux personnes qui se sont d\u00e9plac\u00e9 et ont honor\u00e9 cette demi-journ\u00e9e, mais aussi \u00e0 l&rsquo;entreprise SARL Shalowm et Yatchee Vidange pour leur appui logistique lors du transport des d\u00e9chets collect\u00e9s , et monsieur Wamytan Giovanni pour le d\u00e9jeuner.<\/p>\n\n\n\n<p class=\"has-medium-font-size\">On se donne rendez-vous en septembre pour la Journ\u00e9e mondiale du d\u00e9chets ! <\/p>\n\n\n\n<figure class=\"wp-block-image size-large is-resized\"><img loading=\"lazy\" decoding=\"async\" width=\"577\" height=\"1024\" src=\"https:\/\/pacte-grand-sud.nc\/ccce\/wp-content\/uploads\/2026\/04\/20260425_082321-577x1024.jpg\" alt=\"\" class=\"wp-image-3659\" style=\"aspect-ratio:0.5629979710684735;width:497px;height:auto\" srcset=\"https:\/\/pacte-grand-sud.nc\/ccce\/wp-content\/uploads\/2026\/04\/20260425_082321-577x1024.jpg 577w, https:\/\/pacte-grand-sud.nc\/ccce\/wp-content\/uploads\/2026\/04\/20260425_082321-169x300.jpg 169w, https:\/\/pacte-grand-sud.nc\/ccce\/wp-content\/uploads\/2026\/04\/20260425_082321-768x1364.jpg 768w, https:\/\/pacte-grand-sud.nc\/ccce\/wp-content\/uploads\/2026\/04\/20260425_082321-865x1536.jpg 865w, https:\/\/pacte-grand-sud.nc\/ccce\/wp-content\/uploads\/2026\/04\/20260425_082321-1153x2048.jpg 1153w, https:\/\/pacte-grand-sud.nc\/ccce\/wp-content\/uploads\/2026\/04\/20260425_082321-scaled.jpg 1441w\" sizes=\"auto, (max-width: 577px) 100vw, 577px\" \/><\/figure>\n\n\n\n<figure class=\"wp-block-image size-large is-resized\"><img loading=\"lazy\" decoding=\"async\" width=\"1024\" height=\"577\" src=\"https:\/\/pacte-grand-sud.nc\/ccce\/wp-content\/uploads\/2026\/04\/20260425_115408-1024x577.jpg\" alt=\"\" class=\"wp-image-3658\" style=\"width:770px;height:auto\" srcset=\"https:\/\/pacte-grand-sud.nc\/ccce\/wp-content\/uploads\/2026\/04\/20260425_115408-1024x577.jpg 1024w, https:\/\/pacte-grand-sud.nc\/ccce\/wp-content\/uploads\/2026\/04\/20260425_115408-300x169.jpg 300w, https:\/\/pacte-grand-sud.nc\/ccce\/wp-content\/uploads\/2026\/04\/20260425_115408-768x432.jpg 768w, https:\/\/pacte-grand-sud.nc\/ccce\/wp-content\/uploads\/2026\/04\/20260425_115408-1536x865.jpg 1536w, https:\/\/pacte-grand-sud.nc\/ccce\/wp-content\/uploads\/2026\/04\/20260425_115408-2048x1153.jpg 2048w\" sizes=\"auto, (max-width: 1024px) 100vw, 1024px\" \/><\/figure>\n\n\n\n<figure class=\"wp-block-image size-large is-resized\"><img loading=\"lazy\" decoding=\"async\" width=\"577\" height=\"1024\" src=\"https:\/\/pacte-grand-sud.nc\/ccce\/wp-content\/uploads\/2026\/04\/20260425_120710-577x1024.jpg\" alt=\"\" class=\"wp-image-3660\" style=\"aspect-ratio:0.5629979710684735;width:330px;height:auto\" srcset=\"https:\/\/pacte-grand-sud.nc\/ccce\/wp-content\/uploads\/2026\/04\/20260425_120710-577x1024.jpg 577w, https:\/\/pacte-grand-sud.nc\/ccce\/wp-content\/uploads\/2026\/04\/20260425_120710-169x300.jpg 169w, https:\/\/pacte-grand-sud.nc\/ccce\/wp-content\/uploads\/2026\/04\/20260425_120710-768x1364.jpg 768w, https:\/\/pacte-grand-sud.nc\/ccce\/wp-content\/uploads\/2026\/04\/20260425_120710-865x1536.jpg 865w, https:\/\/pacte-grand-sud.nc\/ccce\/wp-content\/uploads\/2026\/04\/20260425_120710-1153x2048.jpg 1153w, https:\/\/pacte-grand-sud.nc\/ccce\/wp-content\/uploads\/2026\/04\/20260425_120710-scaled.jpg 1441w\" sizes=\"auto, (max-width: 577px) 100vw, 577px\" \/><\/figure>\n\n\n\n<figure class=\"wp-block-image size-full is-resized\"><img loading=\"lazy\" decoding=\"async\" width=\"2560\" height=\"1441\" src=\"https:\/\/pacte-grand-sud.nc\/ccce\/wp-content\/uploads\/2026\/04\/20260425_121803-scaled.jpg\" alt=\"\" class=\"wp-image-3664\" style=\"aspect-ratio:1.7765557623085249;width:887px;height:auto\" srcset=\"https:\/\/pacte-grand-sud.nc\/ccce\/wp-content\/uploads\/2026\/04\/20260425_121803-scaled.jpg 2560w, https:\/\/pacte-grand-sud.nc\/ccce\/wp-content\/uploads\/2026\/04\/20260425_121803-300x169.jpg 300w, https:\/\/pacte-grand-sud.nc\/ccce\/wp-content\/uploads\/2026\/04\/20260425_121803-1024x577.jpg 1024w, https:\/\/pacte-grand-sud.nc\/ccce\/wp-content\/uploads\/2026\/04\/20260425_121803-768x432.jpg 768w, https:\/\/pacte-grand-sud.nc\/ccce\/wp-content\/uploads\/2026\/04\/20260425_121803-1536x865.jpg 1536w, https:\/\/pacte-grand-sud.nc\/ccce\/wp-content\/uploads\/2026\/04\/20260425_121803-2048x1153.jpg 2048w\" sizes=\"auto, (max-width: 2560px) 100vw, 2560px\" \/><\/figure>\n","protected":false},"excerpt":{"rendered":"<p>Ce samedi 25 avril 2026, le CCCE a men\u00e9 une action de ramassage de d\u00e9chets le long des grandes lignes droites qui bordent le lac de Yat\u00e9, malgr\u00e9 des conditions m\u00e9t\u00e9orologiques peu favorables. Le r\u00e9sultat en quelques chiffres : Un remerciement aux personnes qui se sont d\u00e9plac\u00e9 et ont honor\u00e9 cette demi-journ\u00e9e, mais aussi \u00e0 &#8230; <a title=\"Action citoyenne &#8211; Ramassage des d\u00e9chets au abord du lac de Yat\u00e9\" class=\"read-more\" href=\"https:\/\/pacte-grand-sud.nc\/ccce\/actualites\/action-citoyenne-ramassage-des-dechets-au-abord-du-lac-de-yate\/\" aria-label=\"En savoir plus sur Action citoyenne &#8211; Ramassage des d\u00e9chets au abord du lac de Yat\u00e9\">Lire plus<\/a><\/p>\n","protected":false},"author":4,"featured_media":3664,"comment_status":"closed","ping_status":"","sticky":false,"template":"","format":"standard","meta":{"_acf_changed":false,"footnotes":""},"categories":[8],"tags":[],"class_list":["post-3655","post","type-post","status-publish","format-standard","has-post-thumbnail","hentry","category-actualites"],"acf":[],"_links":{"self":[{"href":"https:\/\/pacte-grand-sud.nc\/ccce\/wp-json\/wp\/v2\/posts\/3655","targetHints":{"allow":["GET"]}}],"collection":[{"href":"https:\/\/pacte-grand-sud.nc\/ccce\/wp-json\/wp\/v2\/posts"}],"about":[{"href":"https:\/\/pacte-grand-sud.nc\/ccce\/wp-json\/wp\/v2\/types\/post"}],"author":[{"embeddable":true,"href":"https:\/\/pacte-grand-sud.nc\/ccce\/wp-json\/wp\/v2\/users\/4"}],"replies":[{"embeddable":true,"href":"https:\/\/pacte-grand-sud.nc\/ccce\/wp-json\/wp\/v2\/comments?post=3655"}],"version-history":[{"count":3,"href":"https:\/\/pacte-grand-sud.nc\/ccce\/wp-json\/wp\/v2\/posts\/3655\/revisions"}],"predecessor-version":[{"id":3668,"href":"https:\/\/pacte-grand-sud.nc\/ccce\/wp-json\/wp\/v2\/posts\/3655\/revisions\/3668"}],"wp:featuredmedia":[{"embeddable":true,"href":"https:\/\/pacte-grand-sud.nc\/ccce\/wp-json\/wp\/v2\/media\/3664"}],"wp:attachment":[{"href":"https:\/\/pacte-grand-sud.nc\/ccce\/wp-json\/wp\/v2\/media?parent=3655"}],"wp:term":[{"taxonomy":"category","embeddable":true,"href":"https:\/\/pacte-grand-sud.nc\/ccce\/wp-json\/wp\/v2\/categories?post=3655"},{"taxonomy":"post_tag","embeddable":true,"href":"https:\/\/pacte-grand-sud.nc\/ccce\/wp-json\/wp\/v2\/tags?post=3655"}],"curies":[{"name":"wp","href":"https:\/\/api.w.org\/{rel}","templated":true}]}}