{"id":429,"date":"2016-06-07T09:47:17","date_gmt":"2016-06-06T22:47:17","guid":{"rendered":"https:\/\/ccce.nc\/?p=79"},"modified":"2022-09-07T14:32:31","modified_gmt":"2022-09-07T03:32:31","slug":"presentation-bureau-ccce-projet-stockage-cendres-prony-energies","status":"publish","type":"post","link":"https:\/\/pacte-grand-sud.nc\/ccce\/actualites\/presentation-bureau-ccce-projet-stockage-cendres-prony-energies\/","title":{"rendered":"Pr\u00e9sentation au Bureau CCCE du projet de stockage des cendres de Prony Energies"},"content":{"rendered":"\n<p>Le 24 Mai 2016, le Bureau CCCE a rencontr\u00e9 les responsables de Prony Energies et de la CSP Fid\u00e9lio pour faire un point d\u2019\u00e9tat sur le projet de stabilisation, de stockage et de valorisation des cendres sur le site du Vallon Est. A cette occasion, le Bureau CCCE a exig\u00e9 des exploitants la r\u00e9alisation pr\u00e9alable d\u2019\u00e9tudes approfondies sur l\u2019\u00e9coulement des eaux souterraines, ainsi que l\u2019identification de mesures compensatoires en termes de rev\u00e9g\u00e9talisation en tenant compte des surfaces d\u00e9frich\u00e9es pour les besoins de ce projet.<\/p>\n","protected":false},"excerpt":{"rendered":"<p>Le 24 Mai 2016, le Bureau CCCE a rencontr\u00e9 les responsables de Prony Energies et de la CSP Fid\u00e9lio pour faire un point d\u2019\u00e9tat sur le projet de stabilisation, de stockage et de valorisation des cendres sur le site du Vallon Est. A cette occasion, le Bureau CCCE a exig\u00e9 des exploitants la r\u00e9alisation pr\u00e9alable &#8230; <a title=\"Pr\u00e9sentation au Bureau CCCE du projet de stockage des cendres de Prony Energies\" class=\"read-more\" href=\"https:\/\/pacte-grand-sud.nc\/ccce\/actualites\/presentation-bureau-ccce-projet-stockage-cendres-prony-energies\/\" aria-label=\"En savoir plus sur Pr\u00e9sentation au Bureau CCCE du projet de stockage des cendres de Prony Energies\">Lire plus<\/a><\/p>\n","protected":false},"author":1,"featured_media":2709,"comment_status":"closed","ping_status":"open","sticky":false,"template":"","format":"standard","meta":{"_acf_changed":false,"footnotes":""},"categories":[8],"tags":[],"class_list":["post-429","post","type-post","status-publish","format-standard","has-post-thumbnail","hentry","category-actualites"],"acf":[],"_links":{"self":[{"href":"https:\/\/pacte-grand-sud.nc\/ccce\/wp-json\/wp\/v2\/posts\/429","targetHints":{"allow":["GET"]}}],"collection":[{"href":"https:\/\/pacte-grand-sud.nc\/ccce\/wp-json\/wp\/v2\/posts"}],"about":[{"href":"https:\/\/pacte-grand-sud.nc\/ccce\/wp-json\/wp\/v2\/types\/post"}],"author":[{"embeddable":true,"href":"https:\/\/pacte-grand-sud.nc\/ccce\/wp-json\/wp\/v2\/users\/1"}],"replies":[{"embeddable":true,"href":"https:\/\/pacte-grand-sud.nc\/ccce\/wp-json\/wp\/v2\/comments?post=429"}],"version-history":[{"count":2,"href":"https:\/\/pacte-grand-sud.nc\/ccce\/wp-json\/wp\/v2\/posts\/429\/revisions"}],"predecessor-version":[{"id":2710,"href":"https:\/\/pacte-grand-sud.nc\/ccce\/wp-json\/wp\/v2\/posts\/429\/revisions\/2710"}],"wp:featuredmedia":[{"embeddable":true,"href":"https:\/\/pacte-grand-sud.nc\/ccce\/wp-json\/wp\/v2\/media\/2709"}],"wp:attachment":[{"href":"https:\/\/pacte-grand-sud.nc\/ccce\/wp-json\/wp\/v2\/media?parent=429"}],"wp:term":[{"taxonomy":"category","embeddable":true,"href":"https:\/\/pacte-grand-sud.nc\/ccce\/wp-json\/wp\/v2\/categories?post=429"},{"taxonomy":"post_tag","embeddable":true,"href":"https:\/\/pacte-grand-sud.nc\/ccce\/wp-json\/wp\/v2\/tags?post=429"}],"curies":[{"name":"wp","href":"https:\/\/api.w.org\/{rel}","templated":true}]}}