{"id":3453,"date":"2022-12-06T09:50:48","date_gmt":"2022-12-05T22:50:48","guid":{"rendered":"https:\/\/pacte-grand-sud.nc\/fondation-prony-resources\/?p=3453"},"modified":"2022-12-29T10:01:33","modified_gmt":"2022-12-28T23:01:33","slug":"signature-de-la-convention-de-partenariat-avec-adie","status":"publish","type":"post","link":"https:\/\/pacte-grand-sud.nc\/fondation-prony-resources\/actualites\/signature-de-la-convention-de-partenariat-avec-adie\/","title":{"rendered":"Signature de la convention de partenariat avec ADIE"},"content":{"rendered":"\n<p>Lundi 6 d\u00e9cembre, Maurice Dhou, Pr\u00e9sident de la Fondation Vale (\u00e0 gauche) et Alexandre Rutecki, Directeur de l&rsquo;Adie Nouvelle-Cal\u00e9donie (\u00e0 droite), ont sign\u00e9 la nouvelle convention de partenariat. Pour 2023, la Fondation Vale a d\u00e9cid\u00e9 de soutenir l&rsquo;Adie dans la cr\u00e9ation d&rsquo;une agence mobile !<br>Celle-ci viendra \u00e0 la rencontre des porteurs de projets des tribus couvertes par le PACTE pour un D\u00e9veloppement du Grand Sud sign\u00e9 en 2008.<br>Gr\u00e2ce \u00e0 cette nouvelle agence mobile, l&rsquo;Adie pourra apporter quotidiennement un accompagnement de proximit\u00e9 aux habitants des tribus de ces communes et poursuivre sa mission d&rsquo;accessibilit\u00e9 \u00e0 l&rsquo;entrepreneuriat.<\/p>\n","protected":false},"excerpt":{"rendered":"<p>Lundi 6 d\u00e9cembre, Maurice Dhou, Pr\u00e9sident de la Fondation Vale (\u00e0 gauche) et Alexandre Rutecki, Directeur de l&rsquo;Adie Nouvelle-Cal\u00e9donie (\u00e0 droite), ont sign\u00e9 la nouvelle convention de partenariat. Pour 2023, la Fondation Vale a d\u00e9cid\u00e9 de soutenir l&rsquo;Adie dans la cr\u00e9ation d&rsquo;une agence mobile !Celle-ci viendra \u00e0 la rencontre des porteurs de projets des tribus &#8230; <a title=\"Signature de la convention de partenariat avec ADIE\" class=\"read-more\" href=\"https:\/\/pacte-grand-sud.nc\/fondation-prony-resources\/actualites\/signature-de-la-convention-de-partenariat-avec-adie\/\" aria-label=\"En savoir plus sur Signature de la convention de partenariat avec ADIE\">Lire plus<\/a><\/p>\n","protected":false},"author":1,"featured_media":3455,"comment_status":"closed","ping_status":"closed","sticky":false,"template":"","format":"standard","meta":{"_acf_changed":false,"om_disable_all_campaigns":false,"_monsterinsights_skip_tracking":false,"_monsterinsights_sitenote_active":false,"_monsterinsights_sitenote_note":"","_monsterinsights_sitenote_category":0,"footnotes":""},"categories":[8],"tags":[],"class_list":["post-3453","post","type-post","status-publish","format-standard","has-post-thumbnail","hentry","category-actualites"],"acf":[],"aioseo_notices":[],"_links":{"self":[{"href":"https:\/\/pacte-grand-sud.nc\/fondation-prony-resources\/wp-json\/wp\/v2\/posts\/3453","targetHints":{"allow":["GET"]}}],"collection":[{"href":"https:\/\/pacte-grand-sud.nc\/fondation-prony-resources\/wp-json\/wp\/v2\/posts"}],"about":[{"href":"https:\/\/pacte-grand-sud.nc\/fondation-prony-resources\/wp-json\/wp\/v2\/types\/post"}],"author":[{"embeddable":true,"href":"https:\/\/pacte-grand-sud.nc\/fondation-prony-resources\/wp-json\/wp\/v2\/users\/1"}],"replies":[{"embeddable":true,"href":"https:\/\/pacte-grand-sud.nc\/fondation-prony-resources\/wp-json\/wp\/v2\/comments?post=3453"}],"version-history":[{"count":3,"href":"https:\/\/pacte-grand-sud.nc\/fondation-prony-resources\/wp-json\/wp\/v2\/posts\/3453\/revisions"}],"predecessor-version":[{"id":3457,"href":"https:\/\/pacte-grand-sud.nc\/fondation-prony-resources\/wp-json\/wp\/v2\/posts\/3453\/revisions\/3457"}],"wp:featuredmedia":[{"embeddable":true,"href":"https:\/\/pacte-grand-sud.nc\/fondation-prony-resources\/wp-json\/wp\/v2\/media\/3455"}],"wp:attachment":[{"href":"https:\/\/pacte-grand-sud.nc\/fondation-prony-resources\/wp-json\/wp\/v2\/media?parent=3453"}],"wp:term":[{"taxonomy":"category","embeddable":true,"href":"https:\/\/pacte-grand-sud.nc\/fondation-prony-resources\/wp-json\/wp\/v2\/categories?post=3453"},{"taxonomy":"post_tag","embeddable":true,"href":"https:\/\/pacte-grand-sud.nc\/fondation-prony-resources\/wp-json\/wp\/v2\/tags?post=3453"}],"curies":[{"name":"wp","href":"https:\/\/api.w.org\/{rel}","templated":true}]}}