{"id":3458,"date":"2022-12-29T09:58:41","date_gmt":"2022-12-28T22:58:41","guid":{"rendered":"https:\/\/pacte-grand-sud.nc\/fondation-prony-resources\/?p=3458"},"modified":"2023-02-23T15:04:12","modified_gmt":"2023-02-23T04:04:12","slug":"crise-sanitaire","status":"publish","type":"post","link":"https:\/\/pacte-grand-sud.nc\/fondation-prony-resources\/actualites\/crise-sanitaire\/","title":{"rendered":"Crise sanitaire"},"content":{"rendered":"\n<p>La crise sanitaire actuelle li\u00e9e \u00e0 l\u2019\u00e9pid\u00e9mie de Covid-19 a impact\u00e9e fortement l\u2019acc\u00e8s (financier et physique) \u00e0 une alimentation vari\u00e9e pour une part croissante de nos populations du Grand-Sud.<br>C\u2019est pourquoi, suite \u00e0 la sollicitation du Conseil coutumier de Drub\u00e9a-Kapum\u00eb, le Conseil d\u2019administration de la Fondation d\u2019entreprise Vale Nouvelle-Cal\u00e9donie a d\u00e9cid\u00e9&nbsp;de la&nbsp;mise en place&nbsp;d\u2019un plan sp\u00e9cifique d\u2019accompagnement, appel\u00e9 OP3DK. &nbsp;<br>L\u2019enjeu de cette op\u00e9ration s\u2019est manifest\u00e9 par la volont\u00e9 d\u2019assurer une s\u00e9curit\u00e9 alimentaire, lutter contre les in\u00e9galit\u00e9s en mati\u00e8re sanitaire, scolaire et sociale a&nbsp;fortiori&nbsp;durant cette p\u00e9riode de crise sanitaire pour nos familles des 8 districts du pays Drub\u00e9a-Kapum\u00eb, des familles dans les squattes et quatiers situ\u00e9s dans leur zone d\u2019influence. 1515 colis alimentaires &#8211; Co\u00fbt de l&rsquo;op\u00e9ration 19 000 000 XPF.<\/p>\n\n\n\n<figure class=\"wp-block-gallery has-nested-images columns-default is-cropped wp-block-gallery-1 is-layout-flex wp-block-gallery-is-layout-flex\">\n<figure class=\"wp-block-image size-large\"><img loading=\"lazy\" decoding=\"async\" width=\"1024\" height=\"768\" data-id=\"3544\" src=\"https:\/\/pacte-grand-sud.nc\/fondation-prony-resources\/wp-content\/uploads\/2023\/02\/IMG_2033-conv-1024x768.jpeg\" alt=\"\" class=\"wp-image-3544\" srcset=\"https:\/\/pacte-grand-sud.nc\/fondation-prony-resources\/wp-content\/uploads\/2023\/02\/IMG_2033-conv-1024x768.jpeg 1024w, https:\/\/pacte-grand-sud.nc\/fondation-prony-resources\/wp-content\/uploads\/2023\/02\/IMG_2033-conv-300x225.jpeg 300w, https:\/\/pacte-grand-sud.nc\/fondation-prony-resources\/wp-content\/uploads\/2023\/02\/IMG_2033-conv-768x576.jpeg 768w, https:\/\/pacte-grand-sud.nc\/fondation-prony-resources\/wp-content\/uploads\/2023\/02\/IMG_2033-conv-1536x1152.jpeg 1536w, https:\/\/pacte-grand-sud.nc\/fondation-prony-resources\/wp-content\/uploads\/2023\/02\/IMG_2033-conv.jpeg 1920w\" sizes=\"auto, (max-width: 1024px) 100vw, 1024px\" \/><\/figure>\n\n\n\n<figure class=\"wp-block-image size-large\"><img loading=\"lazy\" decoding=\"async\" width=\"1024\" height=\"768\" data-id=\"3543\" src=\"https:\/\/pacte-grand-sud.nc\/fondation-prony-resources\/wp-content\/uploads\/2023\/02\/IMG_1976-conv-1024x768.jpeg\" alt=\"\" class=\"wp-image-3543\" srcset=\"https:\/\/pacte-grand-sud.nc\/fondation-prony-resources\/wp-content\/uploads\/2023\/02\/IMG_1976-conv-1024x768.jpeg 1024w, https:\/\/pacte-grand-sud.nc\/fondation-prony-resources\/wp-content\/uploads\/2023\/02\/IMG_1976-conv-300x225.jpeg 300w, https:\/\/pacte-grand-sud.nc\/fondation-prony-resources\/wp-content\/uploads\/2023\/02\/IMG_1976-conv-768x576.jpeg 768w, https:\/\/pacte-grand-sud.nc\/fondation-prony-resources\/wp-content\/uploads\/2023\/02\/IMG_1976-conv-1536x1152.jpeg 1536w, https:\/\/pacte-grand-sud.nc\/fondation-prony-resources\/wp-content\/uploads\/2023\/02\/IMG_1976-conv.jpeg 1920w\" sizes=\"auto, (max-width: 1024px) 100vw, 1024px\" \/><\/figure>\n\n\n\n<figure class=\"wp-block-image size-large\"><img loading=\"lazy\" decoding=\"async\" width=\"1024\" height=\"768\" data-id=\"3542\" src=\"https:\/\/pacte-grand-sud.nc\/fondation-prony-resources\/wp-content\/uploads\/2023\/02\/IMG_1965-conv-1024x768.jpeg\" alt=\"\" class=\"wp-image-3542\" srcset=\"https:\/\/pacte-grand-sud.nc\/fondation-prony-resources\/wp-content\/uploads\/2023\/02\/IMG_1965-conv-1024x768.jpeg 1024w, https:\/\/pacte-grand-sud.nc\/fondation-prony-resources\/wp-content\/uploads\/2023\/02\/IMG_1965-conv-300x225.jpeg 300w, https:\/\/pacte-grand-sud.nc\/fondation-prony-resources\/wp-content\/uploads\/2023\/02\/IMG_1965-conv-768x576.jpeg 768w, https:\/\/pacte-grand-sud.nc\/fondation-prony-resources\/wp-content\/uploads\/2023\/02\/IMG_1965-conv-1536x1152.jpeg 1536w, https:\/\/pacte-grand-sud.nc\/fondation-prony-resources\/wp-content\/uploads\/2023\/02\/IMG_1965-conv.jpeg 1920w\" sizes=\"auto, (max-width: 1024px) 100vw, 1024px\" \/><\/figure>\n\n\n\n<figure class=\"wp-block-image size-large\"><img loading=\"lazy\" decoding=\"async\" width=\"1024\" height=\"768\" data-id=\"3541\" src=\"https:\/\/pacte-grand-sud.nc\/fondation-prony-resources\/wp-content\/uploads\/2023\/02\/IMG_1959-conv-1024x768.jpeg\" alt=\"\" class=\"wp-image-3541\" srcset=\"https:\/\/pacte-grand-sud.nc\/fondation-prony-resources\/wp-content\/uploads\/2023\/02\/IMG_1959-conv-1024x768.jpeg 1024w, https:\/\/pacte-grand-sud.nc\/fondation-prony-resources\/wp-content\/uploads\/2023\/02\/IMG_1959-conv-300x225.jpeg 300w, https:\/\/pacte-grand-sud.nc\/fondation-prony-resources\/wp-content\/uploads\/2023\/02\/IMG_1959-conv-768x576.jpeg 768w, https:\/\/pacte-grand-sud.nc\/fondation-prony-resources\/wp-content\/uploads\/2023\/02\/IMG_1959-conv-1536x1152.jpeg 1536w, https:\/\/pacte-grand-sud.nc\/fondation-prony-resources\/wp-content\/uploads\/2023\/02\/IMG_1959-conv.jpeg 1920w\" sizes=\"auto, (max-width: 1024px) 100vw, 1024px\" \/><\/figure>\n\n\n\n<figure class=\"wp-block-image size-large\"><img loading=\"lazy\" decoding=\"async\" width=\"1024\" height=\"768\" data-id=\"3540\" src=\"https:\/\/pacte-grand-sud.nc\/fondation-prony-resources\/wp-content\/uploads\/2023\/02\/IMG_2041-conv-1024x768.jpeg\" alt=\"\" class=\"wp-image-3540\" srcset=\"https:\/\/pacte-grand-sud.nc\/fondation-prony-resources\/wp-content\/uploads\/2023\/02\/IMG_2041-conv-1024x768.jpeg 1024w, https:\/\/pacte-grand-sud.nc\/fondation-prony-resources\/wp-content\/uploads\/2023\/02\/IMG_2041-conv-300x225.jpeg 300w, https:\/\/pacte-grand-sud.nc\/fondation-prony-resources\/wp-content\/uploads\/2023\/02\/IMG_2041-conv-768x576.jpeg 768w, https:\/\/pacte-grand-sud.nc\/fondation-prony-resources\/wp-content\/uploads\/2023\/02\/IMG_2041-conv-1536x1152.jpeg 1536w, https:\/\/pacte-grand-sud.nc\/fondation-prony-resources\/wp-content\/uploads\/2023\/02\/IMG_2041-conv.jpeg 1920w\" sizes=\"auto, (max-width: 1024px) 100vw, 1024px\" \/><\/figure>\n<\/figure>\n","protected":false},"excerpt":{"rendered":"<p>La crise sanitaire actuelle li\u00e9e \u00e0 l\u2019\u00e9pid\u00e9mie de Covid-19 a impact\u00e9e fortement l\u2019acc\u00e8s (financier et physique) \u00e0 une alimentation vari\u00e9e pour une part croissante de nos populations du Grand-Sud.C\u2019est pourquoi, suite \u00e0 la sollicitation du Conseil coutumier de Drub\u00e9a-Kapum\u00eb, le Conseil d\u2019administration de la Fondation d\u2019entreprise Vale Nouvelle-Cal\u00e9donie a d\u00e9cid\u00e9&nbsp;de la&nbsp;mise en place&nbsp;d\u2019un plan sp\u00e9cifique &#8230; <a title=\"Crise sanitaire\" class=\"read-more\" href=\"https:\/\/pacte-grand-sud.nc\/fondation-prony-resources\/actualites\/crise-sanitaire\/\" aria-label=\"En savoir plus sur Crise sanitaire\">Lire plus<\/a><\/p>\n","protected":false},"author":1,"featured_media":3530,"comment_status":"closed","ping_status":"closed","sticky":false,"template":"","format":"standard","meta":{"_acf_changed":false,"om_disable_all_campaigns":false,"_monsterinsights_skip_tracking":false,"_monsterinsights_sitenote_active":false,"_monsterinsights_sitenote_note":"","_monsterinsights_sitenote_category":0,"footnotes":""},"categories":[8],"tags":[],"class_list":["post-3458","post","type-post","status-publish","format-standard","has-post-thumbnail","hentry","category-actualites"],"acf":[],"aioseo_notices":[],"_links":{"self":[{"href":"https:\/\/pacte-grand-sud.nc\/fondation-prony-resources\/wp-json\/wp\/v2\/posts\/3458","targetHints":{"allow":["GET"]}}],"collection":[{"href":"https:\/\/pacte-grand-sud.nc\/fondation-prony-resources\/wp-json\/wp\/v2\/posts"}],"about":[{"href":"https:\/\/pacte-grand-sud.nc\/fondation-prony-resources\/wp-json\/wp\/v2\/types\/post"}],"author":[{"embeddable":true,"href":"https:\/\/pacte-grand-sud.nc\/fondation-prony-resources\/wp-json\/wp\/v2\/users\/1"}],"replies":[{"embeddable":true,"href":"https:\/\/pacte-grand-sud.nc\/fondation-prony-resources\/wp-json\/wp\/v2\/comments?post=3458"}],"version-history":[{"count":3,"href":"https:\/\/pacte-grand-sud.nc\/fondation-prony-resources\/wp-json\/wp\/v2\/posts\/3458\/revisions"}],"predecessor-version":[{"id":3545,"href":"https:\/\/pacte-grand-sud.nc\/fondation-prony-resources\/wp-json\/wp\/v2\/posts\/3458\/revisions\/3545"}],"wp:featuredmedia":[{"embeddable":true,"href":"https:\/\/pacte-grand-sud.nc\/fondation-prony-resources\/wp-json\/wp\/v2\/media\/3530"}],"wp:attachment":[{"href":"https:\/\/pacte-grand-sud.nc\/fondation-prony-resources\/wp-json\/wp\/v2\/media?parent=3458"}],"wp:term":[{"taxonomy":"category","embeddable":true,"href":"https:\/\/pacte-grand-sud.nc\/fondation-prony-resources\/wp-json\/wp\/v2\/categories?post=3458"},{"taxonomy":"post_tag","embeddable":true,"href":"https:\/\/pacte-grand-sud.nc\/fondation-prony-resources\/wp-json\/wp\/v2\/tags?post=3458"}],"curies":[{"name":"wp","href":"https:\/\/api.w.org\/{rel}","templated":true}]}}