{"id":3460,"date":"2022-02-08T09:58:00","date_gmt":"2022-02-07T22:58:00","guid":{"rendered":"https:\/\/pacte-grand-sud.nc\/fondation-prony-resources\/?p=3460"},"modified":"2022-12-29T10:01:01","modified_gmt":"2022-12-28T23:01:01","slug":"signature-de-la-convention-de-partenariat-inc","status":"publish","type":"post","link":"https:\/\/pacte-grand-sud.nc\/fondation-prony-resources\/actualites\/signature-de-la-convention-de-partenariat-inc\/","title":{"rendered":"Signature de la convention de partenariat INC"},"content":{"rendered":"\n<p>Mardi 08 f\u00e9vrier 2022 \u00e0 la tribu d&rsquo;Unia (Yat\u00e9), Viviane Lafay, Directrice de Initiative NC (\u00e0 droite), et Maurice DHOU, Pr\u00e9sident de la Fondation VALE NC (\u00e0 gauche), ont sign\u00e9 la nouvelle convention cadre de partenariat \u00e9tablie entre l\u2019association et la Fondation.<\/p>\n","protected":false},"excerpt":{"rendered":"<p>Mardi 08 f\u00e9vrier 2022 \u00e0 la tribu d&rsquo;Unia (Yat\u00e9), Viviane Lafay, Directrice de Initiative NC (\u00e0 droite), et Maurice DHOU, Pr\u00e9sident de la Fondation VALE NC (\u00e0 gauche), ont sign\u00e9 la nouvelle convention cadre de partenariat \u00e9tablie entre l\u2019association et la Fondation.<\/p>\n","protected":false},"author":1,"featured_media":3461,"comment_status":"closed","ping_status":"closed","sticky":false,"template":"","format":"standard","meta":{"_acf_changed":false,"om_disable_all_campaigns":false,"_monsterinsights_skip_tracking":false,"_monsterinsights_sitenote_active":false,"_monsterinsights_sitenote_note":"","_monsterinsights_sitenote_category":0,"footnotes":""},"categories":[8],"tags":[],"class_list":["post-3460","post","type-post","status-publish","format-standard","has-post-thumbnail","hentry","category-actualites"],"acf":[],"aioseo_notices":[],"_links":{"self":[{"href":"https:\/\/pacte-grand-sud.nc\/fondation-prony-resources\/wp-json\/wp\/v2\/posts\/3460","targetHints":{"allow":["GET"]}}],"collection":[{"href":"https:\/\/pacte-grand-sud.nc\/fondation-prony-resources\/wp-json\/wp\/v2\/posts"}],"about":[{"href":"https:\/\/pacte-grand-sud.nc\/fondation-prony-resources\/wp-json\/wp\/v2\/types\/post"}],"author":[{"embeddable":true,"href":"https:\/\/pacte-grand-sud.nc\/fondation-prony-resources\/wp-json\/wp\/v2\/users\/1"}],"replies":[{"embeddable":true,"href":"https:\/\/pacte-grand-sud.nc\/fondation-prony-resources\/wp-json\/wp\/v2\/comments?post=3460"}],"version-history":[{"count":1,"href":"https:\/\/pacte-grand-sud.nc\/fondation-prony-resources\/wp-json\/wp\/v2\/posts\/3460\/revisions"}],"predecessor-version":[{"id":3462,"href":"https:\/\/pacte-grand-sud.nc\/fondation-prony-resources\/wp-json\/wp\/v2\/posts\/3460\/revisions\/3462"}],"wp:featuredmedia":[{"embeddable":true,"href":"https:\/\/pacte-grand-sud.nc\/fondation-prony-resources\/wp-json\/wp\/v2\/media\/3461"}],"wp:attachment":[{"href":"https:\/\/pacte-grand-sud.nc\/fondation-prony-resources\/wp-json\/wp\/v2\/media?parent=3460"}],"wp:term":[{"taxonomy":"category","embeddable":true,"href":"https:\/\/pacte-grand-sud.nc\/fondation-prony-resources\/wp-json\/wp\/v2\/categories?post=3460"},{"taxonomy":"post_tag","embeddable":true,"href":"https:\/\/pacte-grand-sud.nc\/fondation-prony-resources\/wp-json\/wp\/v2\/tags?post=3460"}],"curies":[{"name":"wp","href":"https:\/\/api.w.org\/{rel}","templated":true}]}}