{"id":3465,"date":"2022-11-29T10:12:00","date_gmt":"2022-11-28T23:12:00","guid":{"rendered":"https:\/\/pacte-grand-sud.nc\/fondation-prony-resources\/?p=3465"},"modified":"2023-02-23T15:11:17","modified_gmt":"2023-02-23T04:11:17","slug":"groupe-de-travail-du-mont-dore","status":"publish","type":"post","link":"https:\/\/pacte-grand-sud.nc\/fondation-prony-resources\/actualites\/groupe-de-travail-du-mont-dore\/","title":{"rendered":"Groupe de travail local du Mont Dore"},"content":{"rendered":"<div class=\"gb-container gb-container-db1ede24\"><div class=\"gb-inside-container\">\n\n<p>Poursuite de la mise en place des groupes de travail locaux de la Fondation, mardi 29 novembre 2022 \u00e0 la case des communaut\u00e9s, premi\u00e8re r\u00e9union de travail avec le nouveau GTL du Mont Dore.<\/p>\n\n\n\n<figure class=\"gb-block-image gb-block-image-090e6791\"><img loading=\"lazy\" decoding=\"async\" width=\"1920\" height=\"1440\" class=\"gb-image gb-image-090e6791\" src=\"https:\/\/pacte-grand-sud.nc\/fondation-prony-resources\/wp-content\/uploads\/2022\/11\/2eme-rencontre-conv.jpeg\" alt=\"\" title=\"2\u00e8me rencontre conv\" srcset=\"https:\/\/pacte-grand-sud.nc\/fondation-prony-resources\/wp-content\/uploads\/2022\/11\/2eme-rencontre-conv.jpeg 1920w, https:\/\/pacte-grand-sud.nc\/fondation-prony-resources\/wp-content\/uploads\/2022\/11\/2eme-rencontre-conv-300x225.jpeg 300w, https:\/\/pacte-grand-sud.nc\/fondation-prony-resources\/wp-content\/uploads\/2022\/11\/2eme-rencontre-conv-1024x768.jpeg 1024w, https:\/\/pacte-grand-sud.nc\/fondation-prony-resources\/wp-content\/uploads\/2022\/11\/2eme-rencontre-conv-768x576.jpeg 768w, https:\/\/pacte-grand-sud.nc\/fondation-prony-resources\/wp-content\/uploads\/2022\/11\/2eme-rencontre-conv-1536x1152.jpeg 1536w\" sizes=\"auto, (max-width: 1920px) 100vw, 1920px\" \/><\/figure>\n\n<\/div><\/div>","protected":false},"excerpt":{"rendered":"<p>Poursuite de la mise en place des groupes de travail locaux de la Fondation, mardi 29 novembre 2022 \u00e0 la case des communaut\u00e9s, premi\u00e8re r\u00e9union de travail avec le nouveau GTL du Mont Dore.<\/p>\n","protected":false},"author":1,"featured_media":3466,"comment_status":"closed","ping_status":"closed","sticky":false,"template":"","format":"standard","meta":{"_acf_changed":false,"om_disable_all_campaigns":false,"_monsterinsights_skip_tracking":false,"_monsterinsights_sitenote_active":false,"_monsterinsights_sitenote_note":"","_monsterinsights_sitenote_category":0,"footnotes":""},"categories":[8],"tags":[],"class_list":["post-3465","post","type-post","status-publish","format-standard","has-post-thumbnail","hentry","category-actualites"],"acf":[],"aioseo_notices":[],"_links":{"self":[{"href":"https:\/\/pacte-grand-sud.nc\/fondation-prony-resources\/wp-json\/wp\/v2\/posts\/3465","targetHints":{"allow":["GET"]}}],"collection":[{"href":"https:\/\/pacte-grand-sud.nc\/fondation-prony-resources\/wp-json\/wp\/v2\/posts"}],"about":[{"href":"https:\/\/pacte-grand-sud.nc\/fondation-prony-resources\/wp-json\/wp\/v2\/types\/post"}],"author":[{"embeddable":true,"href":"https:\/\/pacte-grand-sud.nc\/fondation-prony-resources\/wp-json\/wp\/v2\/users\/1"}],"replies":[{"embeddable":true,"href":"https:\/\/pacte-grand-sud.nc\/fondation-prony-resources\/wp-json\/wp\/v2\/comments?post=3465"}],"version-history":[{"count":5,"href":"https:\/\/pacte-grand-sud.nc\/fondation-prony-resources\/wp-json\/wp\/v2\/posts\/3465\/revisions"}],"predecessor-version":[{"id":3551,"href":"https:\/\/pacte-grand-sud.nc\/fondation-prony-resources\/wp-json\/wp\/v2\/posts\/3465\/revisions\/3551"}],"wp:featuredmedia":[{"embeddable":true,"href":"https:\/\/pacte-grand-sud.nc\/fondation-prony-resources\/wp-json\/wp\/v2\/media\/3466"}],"wp:attachment":[{"href":"https:\/\/pacte-grand-sud.nc\/fondation-prony-resources\/wp-json\/wp\/v2\/media?parent=3465"}],"wp:term":[{"taxonomy":"category","embeddable":true,"href":"https:\/\/pacte-grand-sud.nc\/fondation-prony-resources\/wp-json\/wp\/v2\/categories?post=3465"},{"taxonomy":"post_tag","embeddable":true,"href":"https:\/\/pacte-grand-sud.nc\/fondation-prony-resources\/wp-json\/wp\/v2\/tags?post=3465"}],"curies":[{"name":"wp","href":"https:\/\/api.w.org\/{rel}","templated":true}]}}