{"id":3469,"date":"2022-12-29T10:14:57","date_gmt":"2022-12-28T23:14:57","guid":{"rendered":"https:\/\/pacte-grand-sud.nc\/fondation-prony-resources\/?p=3469"},"modified":"2023-02-23T15:25:33","modified_gmt":"2023-02-23T04:25:33","slug":"rencontres-gtl-ile-des-pins-et-yate","status":"publish","type":"post","link":"https:\/\/pacte-grand-sud.nc\/fondation-prony-resources\/actualites\/rencontres-gtl-ile-des-pins-et-yate\/","title":{"rendered":"Rencontres GTL \u00cele des pins et Yat\u00e9"},"content":{"rendered":"<div class=\"gb-container gb-container-a6dc4b49\"><div class=\"gb-inside-container\">\n\n<p>Mercredi 30 novembre 2022, premi\u00e8re r\u00e9union avec le nouveau GTL de Yat\u00e9. Le mardi 06 d\u00e9cembre 2022, rencontre avec le GTL de l\u2019Ile des pins<\/p>\n\n\n\n<figure class=\"wp-block-image size-large\"><img loading=\"lazy\" decoding=\"async\" width=\"1024\" height=\"768\" src=\"https:\/\/pacte-grand-sud.nc\/fondation-prony-resources\/wp-content\/uploads\/2023\/02\/2eme-rencontre-conv3-1024x768.jpeg\" alt=\"\" class=\"wp-image-3558\" srcset=\"https:\/\/pacte-grand-sud.nc\/fondation-prony-resources\/wp-content\/uploads\/2023\/02\/2eme-rencontre-conv3-1024x768.jpeg 1024w, https:\/\/pacte-grand-sud.nc\/fondation-prony-resources\/wp-content\/uploads\/2023\/02\/2eme-rencontre-conv3-300x225.jpeg 300w, https:\/\/pacte-grand-sud.nc\/fondation-prony-resources\/wp-content\/uploads\/2023\/02\/2eme-rencontre-conv3-768x576.jpeg 768w, https:\/\/pacte-grand-sud.nc\/fondation-prony-resources\/wp-content\/uploads\/2023\/02\/2eme-rencontre-conv3-1536x1152.jpeg 1536w, https:\/\/pacte-grand-sud.nc\/fondation-prony-resources\/wp-content\/uploads\/2023\/02\/2eme-rencontre-conv3.jpeg 1920w\" sizes=\"auto, (max-width: 1024px) 100vw, 1024px\" \/><\/figure>\n\n<\/div><\/div>","protected":false},"excerpt":{"rendered":"<p>Mercredi 30 novembre 2022, premi\u00e8re r\u00e9union avec le nouveau GTL de Yat\u00e9. Le mardi 06 d\u00e9cembre 2022, rencontre avec le GTL de l\u2019Ile des pins<\/p>\n","protected":false},"author":1,"featured_media":3470,"comment_status":"closed","ping_status":"closed","sticky":false,"template":"","format":"standard","meta":{"_acf_changed":false,"om_disable_all_campaigns":false,"_monsterinsights_skip_tracking":false,"_monsterinsights_sitenote_active":false,"_monsterinsights_sitenote_note":"","_monsterinsights_sitenote_category":0,"footnotes":""},"categories":[8],"tags":[],"class_list":["post-3469","post","type-post","status-publish","format-standard","has-post-thumbnail","hentry","category-actualites"],"acf":[],"aioseo_notices":[],"_links":{"self":[{"href":"https:\/\/pacte-grand-sud.nc\/fondation-prony-resources\/wp-json\/wp\/v2\/posts\/3469","targetHints":{"allow":["GET"]}}],"collection":[{"href":"https:\/\/pacte-grand-sud.nc\/fondation-prony-resources\/wp-json\/wp\/v2\/posts"}],"about":[{"href":"https:\/\/pacte-grand-sud.nc\/fondation-prony-resources\/wp-json\/wp\/v2\/types\/post"}],"author":[{"embeddable":true,"href":"https:\/\/pacte-grand-sud.nc\/fondation-prony-resources\/wp-json\/wp\/v2\/users\/1"}],"replies":[{"embeddable":true,"href":"https:\/\/pacte-grand-sud.nc\/fondation-prony-resources\/wp-json\/wp\/v2\/comments?post=3469"}],"version-history":[{"count":3,"href":"https:\/\/pacte-grand-sud.nc\/fondation-prony-resources\/wp-json\/wp\/v2\/posts\/3469\/revisions"}],"predecessor-version":[{"id":3560,"href":"https:\/\/pacte-grand-sud.nc\/fondation-prony-resources\/wp-json\/wp\/v2\/posts\/3469\/revisions\/3560"}],"wp:featuredmedia":[{"embeddable":true,"href":"https:\/\/pacte-grand-sud.nc\/fondation-prony-resources\/wp-json\/wp\/v2\/media\/3470"}],"wp:attachment":[{"href":"https:\/\/pacte-grand-sud.nc\/fondation-prony-resources\/wp-json\/wp\/v2\/media?parent=3469"}],"wp:term":[{"taxonomy":"category","embeddable":true,"href":"https:\/\/pacte-grand-sud.nc\/fondation-prony-resources\/wp-json\/wp\/v2\/categories?post=3469"},{"taxonomy":"post_tag","embeddable":true,"href":"https:\/\/pacte-grand-sud.nc\/fondation-prony-resources\/wp-json\/wp\/v2\/tags?post=3469"}],"curies":[{"name":"wp","href":"https:\/\/api.w.org\/{rel}","templated":true}]}}