{"id":3585,"date":"2023-03-23T10:48:51","date_gmt":"2023-03-22T23:48:51","guid":{"rendered":"https:\/\/pacte-grand-sud.nc\/fondation-prony-resources\/?p=3585"},"modified":"2023-03-23T10:56:50","modified_gmt":"2023-03-22T23:56:50","slug":"3585","status":"publish","type":"post","link":"https:\/\/pacte-grand-sud.nc\/fondation-prony-resources\/actualites\/3585\/","title":{"rendered":"Le saviez-vous ?"},"content":{"rendered":"\n<p>Les fondements juridiques du pacte reposent sur l\u2019existence du peuple autochtone kanak au travers des populations autochtones des chefferies du pays Drub\u00e9a et Kapum\u00eb. En effet, l\u2019installation du nouveau complexe minier et industriel pr\u00e9sente le risque d\u2019un changement fondamental de leur mode de vie et des conditions d\u2019une existence inscrite dans une biodiversit\u00e9 exceptionnelle h\u00e9rit\u00e9e de leurs anc\u00eatres.<\/p>\n","protected":false},"excerpt":{"rendered":"<p>Les fondements juridiques du pacte reposent sur l\u2019existence du peuple autochtone kanak au travers des populations autochtones des chefferies du pays Drub\u00e9a et Kapum\u00eb. En effet, l\u2019installation du nouveau complexe minier et industriel pr\u00e9sente le risque d\u2019un changement fondamental de leur mode de vie et des conditions d\u2019une existence inscrite dans une biodiversit\u00e9 exceptionnelle h\u00e9rit\u00e9e &#8230; <a title=\"Le saviez-vous ?\" class=\"read-more\" href=\"https:\/\/pacte-grand-sud.nc\/fondation-prony-resources\/actualites\/3585\/\" aria-label=\"En savoir plus sur Le saviez-vous ?\">Lire plus<\/a><\/p>\n","protected":false},"author":1,"featured_media":0,"comment_status":"closed","ping_status":"closed","sticky":false,"template":"","format":"standard","meta":{"_acf_changed":false,"om_disable_all_campaigns":false,"_monsterinsights_skip_tracking":false,"_monsterinsights_sitenote_active":false,"_monsterinsights_sitenote_note":"","_monsterinsights_sitenote_category":0,"footnotes":""},"categories":[8],"tags":[],"class_list":["post-3585","post","type-post","status-publish","format-standard","hentry","category-actualites"],"acf":[],"aioseo_notices":[],"_links":{"self":[{"href":"https:\/\/pacte-grand-sud.nc\/fondation-prony-resources\/wp-json\/wp\/v2\/posts\/3585","targetHints":{"allow":["GET"]}}],"collection":[{"href":"https:\/\/pacte-grand-sud.nc\/fondation-prony-resources\/wp-json\/wp\/v2\/posts"}],"about":[{"href":"https:\/\/pacte-grand-sud.nc\/fondation-prony-resources\/wp-json\/wp\/v2\/types\/post"}],"author":[{"embeddable":true,"href":"https:\/\/pacte-grand-sud.nc\/fondation-prony-resources\/wp-json\/wp\/v2\/users\/1"}],"replies":[{"embeddable":true,"href":"https:\/\/pacte-grand-sud.nc\/fondation-prony-resources\/wp-json\/wp\/v2\/comments?post=3585"}],"version-history":[{"count":3,"href":"https:\/\/pacte-grand-sud.nc\/fondation-prony-resources\/wp-json\/wp\/v2\/posts\/3585\/revisions"}],"predecessor-version":[{"id":3588,"href":"https:\/\/pacte-grand-sud.nc\/fondation-prony-resources\/wp-json\/wp\/v2\/posts\/3585\/revisions\/3588"}],"wp:attachment":[{"href":"https:\/\/pacte-grand-sud.nc\/fondation-prony-resources\/wp-json\/wp\/v2\/media?parent=3585"}],"wp:term":[{"taxonomy":"category","embeddable":true,"href":"https:\/\/pacte-grand-sud.nc\/fondation-prony-resources\/wp-json\/wp\/v2\/categories?post=3585"},{"taxonomy":"post_tag","embeddable":true,"href":"https:\/\/pacte-grand-sud.nc\/fondation-prony-resources\/wp-json\/wp\/v2\/tags?post=3585"}],"curies":[{"name":"wp","href":"https:\/\/api.w.org\/{rel}","templated":true}]}}