{"id":3596,"date":"2023-02-02T11:14:18","date_gmt":"2023-02-02T00:14:18","guid":{"rendered":"https:\/\/pacte-grand-sud.nc\/fondation-prony-resources\/?p=3596"},"modified":"2023-03-23T11:16:01","modified_gmt":"2023-03-23T00:16:01","slug":"inauguration-officielle-de-la-premiere-agence-mobile-du-grand-sud-de-ladie","status":"publish","type":"post","link":"https:\/\/pacte-grand-sud.nc\/fondation-prony-resources\/actualites\/inauguration-officielle-de-la-premiere-agence-mobile-du-grand-sud-de-ladie\/","title":{"rendered":"Inauguration officielle de la premi\u00e8re agence mobile du Grand Sud de l\u2019Adie."},"content":{"rendered":"\n<p>La Fondation d&rsquo;entreprise \u00e0 l\u2019honneur d\u2019annoncer l\u2019inauguration officielle de la premi\u00e8re agence mobile du Grand Sud de notre partenaire l\u2019Adie.<\/p>\n\n\n\n<p>Le rendez-vous est fix\u00e9 au mercredi 08 f\u00e9vrier 2023 \u00e0 10h00 \u00e0 la tribu de Goro \u2013 Commune de Yat\u00e9.<\/p>\n\n\n\n<p>Dans le cadre de la restructuration, la Fondation a soutenu le financement d\u2019une agence mobile faisant partie des engagements fix\u00e9s dans la convention de m\u00e9c\u00e9nat sign\u00e9 en d\u00e9cembre 2021, avec l\u2019Association pour le Droit \u00e0 l\u2019Initiative \u00c9conomique (ADIE de Nouvelle-Cal\u00e9donie). Cette agence mobile permettra de faciliter un accompagnement de proximit\u00e9 \u00e0 l\u2019\u00e9tude des besoins de financements de nos populations issues exclusivement des tribus couvertes par le Pacte pour un d\u00e9veloppement durable du Grand Sud (Pa\u00efta, Mont-Dore, Yat\u00e9, Ile des Pins).<\/p>\n","protected":false},"excerpt":{"rendered":"<p>La Fondation d&rsquo;entreprise \u00e0 l\u2019honneur d\u2019annoncer l\u2019inauguration officielle de la premi\u00e8re agence mobile du Grand Sud de notre partenaire l\u2019Adie. Le rendez-vous est fix\u00e9 au mercredi 08 f\u00e9vrier 2023 \u00e0 10h00 \u00e0 la tribu de Goro \u2013 Commune de Yat\u00e9. Dans le cadre de la restructuration, la Fondation a soutenu le financement d\u2019une agence mobile &#8230; <a title=\"Inauguration officielle de la premi\u00e8re agence mobile du Grand Sud de l\u2019Adie.\" class=\"read-more\" href=\"https:\/\/pacte-grand-sud.nc\/fondation-prony-resources\/actualites\/inauguration-officielle-de-la-premiere-agence-mobile-du-grand-sud-de-ladie\/\" aria-label=\"En savoir plus sur Inauguration officielle de la premi\u00e8re agence mobile du Grand Sud de l\u2019Adie.\">Lire plus<\/a><\/p>\n","protected":false},"author":1,"featured_media":3597,"comment_status":"closed","ping_status":"closed","sticky":false,"template":"","format":"standard","meta":{"_acf_changed":false,"om_disable_all_campaigns":false,"_monsterinsights_skip_tracking":false,"_monsterinsights_sitenote_active":false,"_monsterinsights_sitenote_note":"","_monsterinsights_sitenote_category":0,"footnotes":""},"categories":[8],"tags":[],"class_list":["post-3596","post","type-post","status-publish","format-standard","has-post-thumbnail","hentry","category-actualites"],"acf":[],"aioseo_notices":[],"_links":{"self":[{"href":"https:\/\/pacte-grand-sud.nc\/fondation-prony-resources\/wp-json\/wp\/v2\/posts\/3596","targetHints":{"allow":["GET"]}}],"collection":[{"href":"https:\/\/pacte-grand-sud.nc\/fondation-prony-resources\/wp-json\/wp\/v2\/posts"}],"about":[{"href":"https:\/\/pacte-grand-sud.nc\/fondation-prony-resources\/wp-json\/wp\/v2\/types\/post"}],"author":[{"embeddable":true,"href":"https:\/\/pacte-grand-sud.nc\/fondation-prony-resources\/wp-json\/wp\/v2\/users\/1"}],"replies":[{"embeddable":true,"href":"https:\/\/pacte-grand-sud.nc\/fondation-prony-resources\/wp-json\/wp\/v2\/comments?post=3596"}],"version-history":[{"count":1,"href":"https:\/\/pacte-grand-sud.nc\/fondation-prony-resources\/wp-json\/wp\/v2\/posts\/3596\/revisions"}],"predecessor-version":[{"id":3598,"href":"https:\/\/pacte-grand-sud.nc\/fondation-prony-resources\/wp-json\/wp\/v2\/posts\/3596\/revisions\/3598"}],"wp:featuredmedia":[{"embeddable":true,"href":"https:\/\/pacte-grand-sud.nc\/fondation-prony-resources\/wp-json\/wp\/v2\/media\/3597"}],"wp:attachment":[{"href":"https:\/\/pacte-grand-sud.nc\/fondation-prony-resources\/wp-json\/wp\/v2\/media?parent=3596"}],"wp:term":[{"taxonomy":"category","embeddable":true,"href":"https:\/\/pacte-grand-sud.nc\/fondation-prony-resources\/wp-json\/wp\/v2\/categories?post=3596"},{"taxonomy":"post_tag","embeddable":true,"href":"https:\/\/pacte-grand-sud.nc\/fondation-prony-resources\/wp-json\/wp\/v2\/tags?post=3596"}],"curies":[{"name":"wp","href":"https:\/\/api.w.org\/{rel}","templated":true}]}}