{"id":3599,"date":"2023-02-04T11:17:40","date_gmt":"2023-02-04T00:17:40","guid":{"rendered":"https:\/\/pacte-grand-sud.nc\/fondation-prony-resources\/?p=3599"},"modified":"2023-03-23T11:20:37","modified_gmt":"2023-03-23T00:20:37","slug":"retrospective","status":"publish","type":"post","link":"https:\/\/pacte-grand-sud.nc\/fondation-prony-resources\/actualites\/retrospective\/","title":{"rendered":"R\u00e9trospective"},"content":{"rendered":"\n<p>Le 11 novembre 2022, un d\u00e9jeuner convivial a \u00e9t\u00e9 organis\u00e9 avec M. Guillaume PEPY (Pr\u00e9sident R\u00e9seau Initiative France), M. Dominique LAULOM (Pr\u00e9sident R\u00e9seau Initiative NC), Mme Viviane LAFAY (Directrice Initiative NC) et les signataires autochtones du Pacte repr\u00e9sent\u00e9s par M. Rapha\u00ebl MAPOU (Secr\u00e9taire G\u00e9n\u00e9ral du Comit\u00e9 Rh\u00e9\u00e9bu N\u00f9\u00f9) et M. John TINDAO (Vice-Pr\u00e9sident de la Fondation d&rsquo;entreprise et Pr\u00e9sident du CCDK).<\/p>\n\n\n\n<p>Ce fut l\u2019occasion d\u2019\u00e9chang\u00e9 sur la vision d\u2019une \u00e9conomie solidaire en Nouvelle-Cal\u00e9donie et particuli\u00e8rement pour les populations du Grand Sud<\/p>\n","protected":false},"excerpt":{"rendered":"<p>Le 11 novembre 2022, un d\u00e9jeuner convivial a \u00e9t\u00e9 organis\u00e9 avec M. Guillaume PEPY (Pr\u00e9sident R\u00e9seau Initiative France), M. Dominique LAULOM (Pr\u00e9sident R\u00e9seau Initiative NC), Mme Viviane LAFAY (Directrice Initiative NC) et les signataires autochtones du Pacte repr\u00e9sent\u00e9s par M. Rapha\u00ebl MAPOU (Secr\u00e9taire G\u00e9n\u00e9ral du Comit\u00e9 Rh\u00e9\u00e9bu N\u00f9\u00f9) et M. John TINDAO (Vice-Pr\u00e9sident de la &#8230; <a title=\"R\u00e9trospective\" class=\"read-more\" href=\"https:\/\/pacte-grand-sud.nc\/fondation-prony-resources\/actualites\/retrospective\/\" aria-label=\"En savoir plus sur R\u00e9trospective\">Lire plus<\/a><\/p>\n","protected":false},"author":1,"featured_media":3600,"comment_status":"closed","ping_status":"closed","sticky":false,"template":"","format":"standard","meta":{"_acf_changed":false,"om_disable_all_campaigns":false,"_monsterinsights_skip_tracking":false,"_monsterinsights_sitenote_active":false,"_monsterinsights_sitenote_note":"","_monsterinsights_sitenote_category":0,"footnotes":""},"categories":[8],"tags":[],"class_list":["post-3599","post","type-post","status-publish","format-standard","has-post-thumbnail","hentry","category-actualites"],"acf":[],"aioseo_notices":[],"_links":{"self":[{"href":"https:\/\/pacte-grand-sud.nc\/fondation-prony-resources\/wp-json\/wp\/v2\/posts\/3599","targetHints":{"allow":["GET"]}}],"collection":[{"href":"https:\/\/pacte-grand-sud.nc\/fondation-prony-resources\/wp-json\/wp\/v2\/posts"}],"about":[{"href":"https:\/\/pacte-grand-sud.nc\/fondation-prony-resources\/wp-json\/wp\/v2\/types\/post"}],"author":[{"embeddable":true,"href":"https:\/\/pacte-grand-sud.nc\/fondation-prony-resources\/wp-json\/wp\/v2\/users\/1"}],"replies":[{"embeddable":true,"href":"https:\/\/pacte-grand-sud.nc\/fondation-prony-resources\/wp-json\/wp\/v2\/comments?post=3599"}],"version-history":[{"count":1,"href":"https:\/\/pacte-grand-sud.nc\/fondation-prony-resources\/wp-json\/wp\/v2\/posts\/3599\/revisions"}],"predecessor-version":[{"id":3601,"href":"https:\/\/pacte-grand-sud.nc\/fondation-prony-resources\/wp-json\/wp\/v2\/posts\/3599\/revisions\/3601"}],"wp:featuredmedia":[{"embeddable":true,"href":"https:\/\/pacte-grand-sud.nc\/fondation-prony-resources\/wp-json\/wp\/v2\/media\/3600"}],"wp:attachment":[{"href":"https:\/\/pacte-grand-sud.nc\/fondation-prony-resources\/wp-json\/wp\/v2\/media?parent=3599"}],"wp:term":[{"taxonomy":"category","embeddable":true,"href":"https:\/\/pacte-grand-sud.nc\/fondation-prony-resources\/wp-json\/wp\/v2\/categories?post=3599"},{"taxonomy":"post_tag","embeddable":true,"href":"https:\/\/pacte-grand-sud.nc\/fondation-prony-resources\/wp-json\/wp\/v2\/tags?post=3599"}],"curies":[{"name":"wp","href":"https:\/\/api.w.org\/{rel}","templated":true}]}}