{"id":3660,"date":"2025-01-29T10:04:40","date_gmt":"2025-01-28T23:04:40","guid":{"rendered":"https:\/\/pacte-grand-sud.nc\/fondation-prony-resources\/staging-kendrick\/?p=3660"},"modified":"2025-02-06T10:04:53","modified_gmt":"2025-02-05T23:04:53","slug":"seminaire-des-gtl-2023","status":"publish","type":"post","link":"https:\/\/pacte-grand-sud.nc\/fondation-prony-resources\/actualites\/seminaire-des-gtl-2023\/","title":{"rendered":"SEMINAIRE DES GTL 2023"},"content":{"rendered":"\n<p>Le vendredi 24 f\u00e9vrier 2023, s\u2019\u00e9tait tenu au Nouvata le s\u00e9minaire des groupes de travail locaux de la Fondation d\u2019entreprise. Il a regroup\u00e9 les diff\u00e9rents GTL de Pa\u00efta, Mont Dore, Yat\u00e9 et Ile des pins.<br>Une journ\u00e9e exceptionnelle de pleine de rencontres et d\u2019\u00e9changes sur les nouvelles m\u00e9thodes de travail de la structure et ses projets de 2023.<\/p>\n","protected":false},"excerpt":{"rendered":"<p>Le vendredi 24 f\u00e9vrier 2023, s\u2019\u00e9tait tenu au Nouvata le s\u00e9minaire des groupes de travail locaux de la Fondation d\u2019entreprise. Il a regroup\u00e9 les diff\u00e9rents GTL de Pa\u00efta, Mont Dore, Yat\u00e9 et Ile des pins.Une journ\u00e9e exceptionnelle de pleine de rencontres et d\u2019\u00e9changes sur les nouvelles m\u00e9thodes de travail de la structure et ses projets &#8230; <a title=\"SEMINAIRE DES GTL 2023\" class=\"read-more\" href=\"https:\/\/pacte-grand-sud.nc\/fondation-prony-resources\/actualites\/seminaire-des-gtl-2023\/\" aria-label=\"En savoir plus sur SEMINAIRE DES GTL 2023\">Lire plus<\/a><\/p>\n","protected":false},"author":1,"featured_media":3700,"comment_status":"closed","ping_status":"closed","sticky":false,"template":"","format":"standard","meta":{"_acf_changed":false,"om_disable_all_campaigns":false,"_monsterinsights_skip_tracking":false,"_monsterinsights_sitenote_active":false,"_monsterinsights_sitenote_note":"","_monsterinsights_sitenote_category":0,"footnotes":""},"categories":[8,10],"tags":[],"class_list":["post-3660","post","type-post","status-publish","format-standard","has-post-thumbnail","hentry","category-actualites","category-media"],"acf":[],"aioseo_notices":[],"_links":{"self":[{"href":"https:\/\/pacte-grand-sud.nc\/fondation-prony-resources\/wp-json\/wp\/v2\/posts\/3660","targetHints":{"allow":["GET"]}}],"collection":[{"href":"https:\/\/pacte-grand-sud.nc\/fondation-prony-resources\/wp-json\/wp\/v2\/posts"}],"about":[{"href":"https:\/\/pacte-grand-sud.nc\/fondation-prony-resources\/wp-json\/wp\/v2\/types\/post"}],"author":[{"embeddable":true,"href":"https:\/\/pacte-grand-sud.nc\/fondation-prony-resources\/wp-json\/wp\/v2\/users\/1"}],"replies":[{"embeddable":true,"href":"https:\/\/pacte-grand-sud.nc\/fondation-prony-resources\/wp-json\/wp\/v2\/comments?post=3660"}],"version-history":[{"count":2,"href":"https:\/\/pacte-grand-sud.nc\/fondation-prony-resources\/wp-json\/wp\/v2\/posts\/3660\/revisions"}],"predecessor-version":[{"id":3701,"href":"https:\/\/pacte-grand-sud.nc\/fondation-prony-resources\/wp-json\/wp\/v2\/posts\/3660\/revisions\/3701"}],"wp:featuredmedia":[{"embeddable":true,"href":"https:\/\/pacte-grand-sud.nc\/fondation-prony-resources\/wp-json\/wp\/v2\/media\/3700"}],"wp:attachment":[{"href":"https:\/\/pacte-grand-sud.nc\/fondation-prony-resources\/wp-json\/wp\/v2\/media?parent=3660"}],"wp:term":[{"taxonomy":"category","embeddable":true,"href":"https:\/\/pacte-grand-sud.nc\/fondation-prony-resources\/wp-json\/wp\/v2\/categories?post=3660"},{"taxonomy":"post_tag","embeddable":true,"href":"https:\/\/pacte-grand-sud.nc\/fondation-prony-resources\/wp-json\/wp\/v2\/tags?post=3660"}],"curies":[{"name":"wp","href":"https:\/\/api.w.org\/{rel}","templated":true}]}}