{"id":3664,"date":"2025-01-29T10:05:23","date_gmt":"2025-01-28T23:05:23","guid":{"rendered":"https:\/\/pacte-grand-sud.nc\/fondation-prony-resources\/staging-kendrick\/?p=3664"},"modified":"2025-02-06T10:04:45","modified_gmt":"2025-02-05T23:04:45","slug":"grand-prix-wenyoro-2023","status":"publish","type":"post","link":"https:\/\/pacte-grand-sud.nc\/fondation-prony-resources\/actualites\/grand-prix-wenyoro-2023\/","title":{"rendered":"GRAND PRIX WENYORO 2023"},"content":{"rendered":"\n<p>Le samedi 26 ao\u00fbt 2023, nous avions organis\u00e9 la premi\u00e8re \u00e9dition du Grand Prix Wenyoro qui s\u2019est d\u00e9roul\u00e9 \u00e0 la Tribu d\u2019Unia. Avec notre partenaire Challenge Organisation, nous avons pu proposer 3 parcours aux choix : Le Grand Raid 20 km, Le Mini Raid 10 km et Le Parcours Familiale 4 km. Cet \u00e9v\u00e8nement a eu pour but de partager un moment convivial avec l\u2019ensemble des populations du Grand Sud et la population cal\u00e9donienne. Nous avons \u00e9galement lors de cette m\u00eame journ\u00e9e organis\u00e9e la F\u00eate du Coco et de la Mer qui a permis \u00e0 la Tribu d\u2019Unia de promouvoir ses produits. Nous sommes heureux d\u2019avoir pu accueillir un millier de visiteurs et une vingtaine d\u2019exposants.<\/p>\n","protected":false},"excerpt":{"rendered":"<p>Le samedi 26 ao\u00fbt 2023, nous avions organis\u00e9 la premi\u00e8re \u00e9dition du Grand Prix Wenyoro qui s\u2019est d\u00e9roul\u00e9 \u00e0 la Tribu d\u2019Unia. Avec notre partenaire Challenge Organisation, nous avons pu proposer 3 parcours aux choix : Le Grand Raid 20 km, Le Mini Raid 10 km et Le Parcours Familiale 4 km. Cet \u00e9v\u00e8nement a &#8230; <a title=\"GRAND PRIX WENYORO 2023\" class=\"read-more\" href=\"https:\/\/pacte-grand-sud.nc\/fondation-prony-resources\/actualites\/grand-prix-wenyoro-2023\/\" aria-label=\"En savoir plus sur GRAND PRIX WENYORO 2023\">Lire plus<\/a><\/p>\n","protected":false},"author":1,"featured_media":3698,"comment_status":"closed","ping_status":"closed","sticky":false,"template":"","format":"standard","meta":{"_acf_changed":false,"om_disable_all_campaigns":false,"_monsterinsights_skip_tracking":false,"_monsterinsights_sitenote_active":false,"_monsterinsights_sitenote_note":"","_monsterinsights_sitenote_category":0,"footnotes":""},"categories":[8,10],"tags":[],"class_list":["post-3664","post","type-post","status-publish","format-standard","has-post-thumbnail","hentry","category-actualites","category-media"],"acf":[],"aioseo_notices":[],"_links":{"self":[{"href":"https:\/\/pacte-grand-sud.nc\/fondation-prony-resources\/wp-json\/wp\/v2\/posts\/3664","targetHints":{"allow":["GET"]}}],"collection":[{"href":"https:\/\/pacte-grand-sud.nc\/fondation-prony-resources\/wp-json\/wp\/v2\/posts"}],"about":[{"href":"https:\/\/pacte-grand-sud.nc\/fondation-prony-resources\/wp-json\/wp\/v2\/types\/post"}],"author":[{"embeddable":true,"href":"https:\/\/pacte-grand-sud.nc\/fondation-prony-resources\/wp-json\/wp\/v2\/users\/1"}],"replies":[{"embeddable":true,"href":"https:\/\/pacte-grand-sud.nc\/fondation-prony-resources\/wp-json\/wp\/v2\/comments?post=3664"}],"version-history":[{"count":2,"href":"https:\/\/pacte-grand-sud.nc\/fondation-prony-resources\/wp-json\/wp\/v2\/posts\/3664\/revisions"}],"predecessor-version":[{"id":3707,"href":"https:\/\/pacte-grand-sud.nc\/fondation-prony-resources\/wp-json\/wp\/v2\/posts\/3664\/revisions\/3707"}],"wp:featuredmedia":[{"embeddable":true,"href":"https:\/\/pacte-grand-sud.nc\/fondation-prony-resources\/wp-json\/wp\/v2\/media\/3698"}],"wp:attachment":[{"href":"https:\/\/pacte-grand-sud.nc\/fondation-prony-resources\/wp-json\/wp\/v2\/media?parent=3664"}],"wp:term":[{"taxonomy":"category","embeddable":true,"href":"https:\/\/pacte-grand-sud.nc\/fondation-prony-resources\/wp-json\/wp\/v2\/categories?post=3664"},{"taxonomy":"post_tag","embeddable":true,"href":"https:\/\/pacte-grand-sud.nc\/fondation-prony-resources\/wp-json\/wp\/v2\/tags?post=3664"}],"curies":[{"name":"wp","href":"https:\/\/api.w.org\/{rel}","templated":true}]}}