{"id":3666,"date":"2025-01-29T10:11:41","date_gmt":"2025-01-28T23:11:41","guid":{"rendered":"https:\/\/pacte-grand-sud.nc\/fondation-prony-resources\/staging-kendrick\/?p=3666"},"modified":"2025-02-06T10:05:09","modified_gmt":"2025-02-05T23:05:09","slug":"tournee-dinformation-des-chefferies-2024","status":"publish","type":"post","link":"https:\/\/pacte-grand-sud.nc\/fondation-prony-resources\/actualites\/tournee-dinformation-des-chefferies-2024\/","title":{"rendered":"TOURNEE D\u2019INFORMATION DES CHEFFERIES 2024"},"content":{"rendered":"\n<p>Comme chaque d\u00e9but d\u2019ann\u00e9e, la Fondation a effectu\u00e9 une tourn\u00e9e d\u2019information aux chefferies afin de pr\u00e9senter la politique g\u00e9n\u00e9rale du Pr\u00e9sident et \u00e9galement faire le bilan de l\u2019ann\u00e9e \u00e9coul\u00e9e et ainsi pr\u00e9senter les diff\u00e9rents objectifs de l\u2019ann\u00e9e \u00e0 venir. Ces d\u00e9placements nous ont \u00e9galement permis de pr\u00e9senter les nouveaux bar\u00e8mes et crit\u00e8res 2024-2026 pour l\u2019attribution des subventions et d\u2019\u00e9changer sur les besoins des populations et du Groupe de Travail Local.<\/p>\n","protected":false},"excerpt":{"rendered":"<p>Comme chaque d\u00e9but d\u2019ann\u00e9e, la Fondation a effectu\u00e9 une tourn\u00e9e d\u2019information aux chefferies afin de pr\u00e9senter la politique g\u00e9n\u00e9rale du Pr\u00e9sident et \u00e9galement faire le bilan de l\u2019ann\u00e9e \u00e9coul\u00e9e et ainsi pr\u00e9senter les diff\u00e9rents objectifs de l\u2019ann\u00e9e \u00e0 venir. Ces d\u00e9placements nous ont \u00e9galement permis de pr\u00e9senter les nouveaux bar\u00e8mes et crit\u00e8res 2024-2026 pour l\u2019attribution &#8230; <a title=\"TOURNEE D\u2019INFORMATION DES CHEFFERIES 2024\" class=\"read-more\" href=\"https:\/\/pacte-grand-sud.nc\/fondation-prony-resources\/actualites\/tournee-dinformation-des-chefferies-2024\/\" aria-label=\"En savoir plus sur TOURNEE D\u2019INFORMATION DES CHEFFERIES 2024\">Lire plus<\/a><\/p>\n","protected":false},"author":1,"featured_media":3697,"comment_status":"closed","ping_status":"closed","sticky":false,"template":"","format":"standard","meta":{"_acf_changed":false,"om_disable_all_campaigns":false,"_monsterinsights_skip_tracking":false,"_monsterinsights_sitenote_active":false,"_monsterinsights_sitenote_note":"","_monsterinsights_sitenote_category":0,"footnotes":""},"categories":[8,10],"tags":[],"class_list":["post-3666","post","type-post","status-publish","format-standard","has-post-thumbnail","hentry","category-actualites","category-media"],"acf":[],"aioseo_notices":[],"_links":{"self":[{"href":"https:\/\/pacte-grand-sud.nc\/fondation-prony-resources\/wp-json\/wp\/v2\/posts\/3666","targetHints":{"allow":["GET"]}}],"collection":[{"href":"https:\/\/pacte-grand-sud.nc\/fondation-prony-resources\/wp-json\/wp\/v2\/posts"}],"about":[{"href":"https:\/\/pacte-grand-sud.nc\/fondation-prony-resources\/wp-json\/wp\/v2\/types\/post"}],"author":[{"embeddable":true,"href":"https:\/\/pacte-grand-sud.nc\/fondation-prony-resources\/wp-json\/wp\/v2\/users\/1"}],"replies":[{"embeddable":true,"href":"https:\/\/pacte-grand-sud.nc\/fondation-prony-resources\/wp-json\/wp\/v2\/comments?post=3666"}],"version-history":[{"count":3,"href":"https:\/\/pacte-grand-sud.nc\/fondation-prony-resources\/wp-json\/wp\/v2\/posts\/3666\/revisions"}],"predecessor-version":[{"id":3797,"href":"https:\/\/pacte-grand-sud.nc\/fondation-prony-resources\/wp-json\/wp\/v2\/posts\/3666\/revisions\/3797"}],"wp:featuredmedia":[{"embeddable":true,"href":"https:\/\/pacte-grand-sud.nc\/fondation-prony-resources\/wp-json\/wp\/v2\/media\/3697"}],"wp:attachment":[{"href":"https:\/\/pacte-grand-sud.nc\/fondation-prony-resources\/wp-json\/wp\/v2\/media?parent=3666"}],"wp:term":[{"taxonomy":"category","embeddable":true,"href":"https:\/\/pacte-grand-sud.nc\/fondation-prony-resources\/wp-json\/wp\/v2\/categories?post=3666"},{"taxonomy":"post_tag","embeddable":true,"href":"https:\/\/pacte-grand-sud.nc\/fondation-prony-resources\/wp-json\/wp\/v2\/tags?post=3666"}],"curies":[{"name":"wp","href":"https:\/\/api.w.org\/{rel}","templated":true}]}}