{"id":3668,"date":"2025-01-29T10:16:27","date_gmt":"2025-01-28T23:16:27","guid":{"rendered":"https:\/\/pacte-grand-sud.nc\/fondation-prony-resources\/staging-kendrick\/?p=3668"},"modified":"2025-02-06T10:04:04","modified_gmt":"2025-02-05T23:04:04","slug":"seminaire-des-gtl-2024","status":"publish","type":"post","link":"https:\/\/pacte-grand-sud.nc\/fondation-prony-resources\/actualites\/seminaire-des-gtl-2024\/","title":{"rendered":"SEMINAIRE DES GTL 2024"},"content":{"rendered":"\n<p>Compte tenu de la restructuration engag\u00e9e depuis l\u2019ann\u00e9e 2021, \ud835\udc25\ud835\udc1e \ud835\udc2c\ud835\udc1e\u0301\ud835\udc26\ud835\udc22\ud835\udc27\ud835\udc1a\ud835\udc22\ud835\udc2b\ud835\udc1e \ud835\udc1d\ud835\udc1e\ud835\udc2c \ud835\udc06\ud835\udc2b\ud835\udc28\ud835\udc2e\ud835\udc29\ud835\udc1e\ud835\udc2c \ud835\udc1d\ud835\udc1e \ud835\udc13\ud835\udc2b\ud835\udc1a\ud835\udc2f\ud835\udc1a\ud835\udc22\ud835\udc25 \ud835\udc0b\ud835\udc28\ud835\udc1c\ud835\udc1a\ud835\udc2e\ud835\udc31 (GTL) \u00ab \ud835\udc13\ud835\udc00\u0302\ud835\udc15\ud835\udc00\ud835\udc0d\ud835\udc06\ud835\udc00 \ud835\udc16\ud835\udc04\u0300 \ud835\udc0d\ud835\udc0e\ud835\udc0d\ud835\udc03\ud835\udc04 \ud835\udc0e\u0308 \ud835\udc06\ud835\udc08\u0308 \u00bb s\u2019\u00e9tait tenu le jeudi 22 f\u00e9vrier 2024, \u00e0 l\u2019\u00eelot maitre entre les<br>diff\u00e9rentes instances de la Fondation X\u00c9R\u00c8 &#8211; Prony Resources New Caledonia : les administrateurs et les membres des GTL. Une rencontre importante et riche en \u00e9changes qui a permis d\u2019effectuer un bilan de chaque GTL et partager sur l\u2019avancement de la mise en \u0153uvre de la restructuration. Ainsi, une motion a pu \u00eatre vot\u00e9e, en guise de feuille de route pour l\u2019avenir.<\/p>\n","protected":false},"excerpt":{"rendered":"<p>Compte tenu de la restructuration engag\u00e9e depuis l\u2019ann\u00e9e 2021, \ud835\udc25\ud835\udc1e \ud835\udc2c\ud835\udc1e\u0301\ud835\udc26\ud835\udc22\ud835\udc27\ud835\udc1a\ud835\udc22\ud835\udc2b\ud835\udc1e \ud835\udc1d\ud835\udc1e\ud835\udc2c \ud835\udc06\ud835\udc2b\ud835\udc28\ud835\udc2e\ud835\udc29\ud835\udc1e\ud835\udc2c \ud835\udc1d\ud835\udc1e \ud835\udc13\ud835\udc2b\ud835\udc1a\ud835\udc2f\ud835\udc1a\ud835\udc22\ud835\udc25 \ud835\udc0b\ud835\udc28\ud835\udc1c\ud835\udc1a\ud835\udc2e\ud835\udc31 (GTL) \u00ab \ud835\udc13\ud835\udc00\u0302\ud835\udc15\ud835\udc00\ud835\udc0d\ud835\udc06\ud835\udc00 \ud835\udc16\ud835\udc04\u0300 \ud835\udc0d\ud835\udc0e\ud835\udc0d\ud835\udc03\ud835\udc04 \ud835\udc0e\u0308 \ud835\udc06\ud835\udc08\u0308 \u00bb s\u2019\u00e9tait tenu le jeudi 22 f\u00e9vrier 2024, \u00e0 l\u2019\u00eelot maitre entre lesdiff\u00e9rentes instances de la Fondation X\u00c9R\u00c8 &#8211; Prony Resources New Caledonia : les administrateurs et les membres des GTL. Une &#8230; <a title=\"SEMINAIRE DES GTL 2024\" class=\"read-more\" href=\"https:\/\/pacte-grand-sud.nc\/fondation-prony-resources\/actualites\/seminaire-des-gtl-2024\/\" aria-label=\"En savoir plus sur SEMINAIRE DES GTL 2024\">Lire plus<\/a><\/p>\n","protected":false},"author":1,"featured_media":3696,"comment_status":"closed","ping_status":"closed","sticky":false,"template":"","format":"standard","meta":{"_acf_changed":false,"om_disable_all_campaigns":false,"_monsterinsights_skip_tracking":false,"_monsterinsights_sitenote_active":false,"_monsterinsights_sitenote_note":"","_monsterinsights_sitenote_category":0,"footnotes":""},"categories":[8,10],"tags":[],"class_list":["post-3668","post","type-post","status-publish","format-standard","has-post-thumbnail","hentry","category-actualites","category-media"],"acf":[],"aioseo_notices":[],"_links":{"self":[{"href":"https:\/\/pacte-grand-sud.nc\/fondation-prony-resources\/wp-json\/wp\/v2\/posts\/3668","targetHints":{"allow":["GET"]}}],"collection":[{"href":"https:\/\/pacte-grand-sud.nc\/fondation-prony-resources\/wp-json\/wp\/v2\/posts"}],"about":[{"href":"https:\/\/pacte-grand-sud.nc\/fondation-prony-resources\/wp-json\/wp\/v2\/types\/post"}],"author":[{"embeddable":true,"href":"https:\/\/pacte-grand-sud.nc\/fondation-prony-resources\/wp-json\/wp\/v2\/users\/1"}],"replies":[{"embeddable":true,"href":"https:\/\/pacte-grand-sud.nc\/fondation-prony-resources\/wp-json\/wp\/v2\/comments?post=3668"}],"version-history":[{"count":2,"href":"https:\/\/pacte-grand-sud.nc\/fondation-prony-resources\/wp-json\/wp\/v2\/posts\/3668\/revisions"}],"predecessor-version":[{"id":3704,"href":"https:\/\/pacte-grand-sud.nc\/fondation-prony-resources\/wp-json\/wp\/v2\/posts\/3668\/revisions\/3704"}],"wp:featuredmedia":[{"embeddable":true,"href":"https:\/\/pacte-grand-sud.nc\/fondation-prony-resources\/wp-json\/wp\/v2\/media\/3696"}],"wp:attachment":[{"href":"https:\/\/pacte-grand-sud.nc\/fondation-prony-resources\/wp-json\/wp\/v2\/media?parent=3668"}],"wp:term":[{"taxonomy":"category","embeddable":true,"href":"https:\/\/pacte-grand-sud.nc\/fondation-prony-resources\/wp-json\/wp\/v2\/categories?post=3668"},{"taxonomy":"post_tag","embeddable":true,"href":"https:\/\/pacte-grand-sud.nc\/fondation-prony-resources\/wp-json\/wp\/v2\/tags?post=3668"}],"curies":[{"name":"wp","href":"https:\/\/api.w.org\/{rel}","templated":true}]}}