{"id":3670,"date":"2025-01-29T10:16:43","date_gmt":"2025-01-28T23:16:43","guid":{"rendered":"https:\/\/pacte-grand-sud.nc\/fondation-prony-resources\/staging-kendrick\/?p=3670"},"modified":"2025-02-06T10:04:00","modified_gmt":"2025-02-05T23:04:00","slug":"solidarite-aux-populations-de-drubea-kapume-2024spdk","status":"publish","type":"post","link":"https:\/\/pacte-grand-sud.nc\/fondation-prony-resources\/actualites\/solidarite-aux-populations-de-drubea-kapume-2024spdk\/","title":{"rendered":"Solidarit\u00e9 aux Populations de Drub\u00e9a Kapum\u00eb 2024(SPDK)"},"content":{"rendered":"\n<p>Ne pouvant rester insensibles \u00e0 la situation des populations du Grand Sud et suite aux \u00e9v\u00e8nements du 13 mai 2024, la Fondation ainsi qu\u2019avec la mobilisation de toutes les structures et de tous les signataires du Pacte : CCDK, PRNC et Rh\u00e9\u00e9bu Nuu, ont mis en place un plan d\u2019action de solidarit\u00e9 appel\u00e9 SPDK. Cette action s\u2019est articul\u00e9e autour de 4 grands axes : la Sant\u00e9, avec la mise en place d\u2019agent de vigilance communautaire en tribu, l\u2019Alimentation, avec la distribution de colis alimentaire et de semences l\u00e9gumes, l\u2019Education avec la distribution de livres scolaire, permettant des aides aux devoirs en tribu et l\u2019Economie, avec l\u2019organisation d\u2019un march\u00e9 Eco-solidaire.<\/p>\n","protected":false},"excerpt":{"rendered":"<p>Ne pouvant rester insensibles \u00e0 la situation des populations du Grand Sud et suite aux \u00e9v\u00e8nements du 13 mai 2024, la Fondation ainsi qu\u2019avec la mobilisation de toutes les structures et de tous les signataires du Pacte : CCDK, PRNC et Rh\u00e9\u00e9bu Nuu, ont mis en place un plan d\u2019action de solidarit\u00e9 appel\u00e9 SPDK. Cette &#8230; <a title=\"Solidarit\u00e9 aux Populations de Drub\u00e9a Kapum\u00eb 2024(SPDK)\" class=\"read-more\" href=\"https:\/\/pacte-grand-sud.nc\/fondation-prony-resources\/actualites\/solidarite-aux-populations-de-drubea-kapume-2024spdk\/\" aria-label=\"En savoir plus sur Solidarit\u00e9 aux Populations de Drub\u00e9a Kapum\u00eb 2024(SPDK)\">Lire plus<\/a><\/p>\n","protected":false},"author":1,"featured_media":3695,"comment_status":"closed","ping_status":"closed","sticky":false,"template":"","format":"standard","meta":{"_acf_changed":false,"om_disable_all_campaigns":false,"_monsterinsights_skip_tracking":false,"_monsterinsights_sitenote_active":false,"_monsterinsights_sitenote_note":"","_monsterinsights_sitenote_category":0,"footnotes":""},"categories":[8,10],"tags":[],"class_list":["post-3670","post","type-post","status-publish","format-standard","has-post-thumbnail","hentry","category-actualites","category-media"],"acf":[],"aioseo_notices":[],"_links":{"self":[{"href":"https:\/\/pacte-grand-sud.nc\/fondation-prony-resources\/wp-json\/wp\/v2\/posts\/3670","targetHints":{"allow":["GET"]}}],"collection":[{"href":"https:\/\/pacte-grand-sud.nc\/fondation-prony-resources\/wp-json\/wp\/v2\/posts"}],"about":[{"href":"https:\/\/pacte-grand-sud.nc\/fondation-prony-resources\/wp-json\/wp\/v2\/types\/post"}],"author":[{"embeddable":true,"href":"https:\/\/pacte-grand-sud.nc\/fondation-prony-resources\/wp-json\/wp\/v2\/users\/1"}],"replies":[{"embeddable":true,"href":"https:\/\/pacte-grand-sud.nc\/fondation-prony-resources\/wp-json\/wp\/v2\/comments?post=3670"}],"version-history":[{"count":2,"href":"https:\/\/pacte-grand-sud.nc\/fondation-prony-resources\/wp-json\/wp\/v2\/posts\/3670\/revisions"}],"predecessor-version":[{"id":3703,"href":"https:\/\/pacte-grand-sud.nc\/fondation-prony-resources\/wp-json\/wp\/v2\/posts\/3670\/revisions\/3703"}],"wp:featuredmedia":[{"embeddable":true,"href":"https:\/\/pacte-grand-sud.nc\/fondation-prony-resources\/wp-json\/wp\/v2\/media\/3695"}],"wp:attachment":[{"href":"https:\/\/pacte-grand-sud.nc\/fondation-prony-resources\/wp-json\/wp\/v2\/media?parent=3670"}],"wp:term":[{"taxonomy":"category","embeddable":true,"href":"https:\/\/pacte-grand-sud.nc\/fondation-prony-resources\/wp-json\/wp\/v2\/categories?post=3670"},{"taxonomy":"post_tag","embeddable":true,"href":"https:\/\/pacte-grand-sud.nc\/fondation-prony-resources\/wp-json\/wp\/v2\/tags?post=3670"}],"curies":[{"name":"wp","href":"https:\/\/api.w.org\/{rel}","templated":true}]}}